{"id":62119,"date":"2019-09-23T16:41:57","date_gmt":"2019-09-23T20:41:57","guid":{"rendered":"https:\/\/linitiative.ca\/International\/congres-extraordinaire-du-cdp-sur-fond-dexclusion-de-militants\/"},"modified":"2019-09-23T16:41:57","modified_gmt":"2019-09-23T20:41:57","slug":"congres-extraordinaire-du-cdp-sur-fond-dexclusion-de-militants","status":"publish","type":"post","link":"https:\/\/linitiative.ca\/International\/congres-extraordinaire-du-cdp-sur-fond-dexclusion-de-militants\/","title":{"rendered":"CONGRES EXTRAORDINAIRE DU CDP SUR FOND D\u2019EXCLUSION DE MILITANTS  \u00a0"},"content":{"rendered":"<div class=\"stream-item stream-item-above-post-content\">\n<p><noscript><\/p>\n<p><a href=\"\/\/www3.smartadserver.com\/ac?jump=1&#038;nwid=2136&#038;siteid=240610&#038;pgname=rg&#038;fmtid=49046&#038;visit=m&#038;tmstp=[timestamp]&#038;out=nonrich\" target=\"_blank\" rel=\"noopener noreferrer\"><img decoding=\"async\" src=\"\/\/www3.smartadserver.com\/ac?out=nonrich&#038;nwid=2136&#038;siteid=240610&#038;pgname=rg&#038;fmtid=49046&#038;visit=m&#038;tmstp=[timestamp]\" border=\"0\" alt=\"\"\/><\/a><\/p>\n<p><\/noscript><\/div>\n<p class=\"c3\">Va-t-on vers une implosion du CDP\u00a0? Telle est la question que l\u2019on pourrait se poser au lendemain du congr\u00e8s extraordinaire du 22 septembre dernier, tenu au terme d\u2019un feuilleton judiciaire qui opposait depuis des mois des militants et pas des moindres au directoire du parti, et dont les d\u00e9cisions fortes se traduisent par l\u2019exclusion et la suspension de cadres et autres membres influents. Sont de ceux-l\u00e0, Mahamadi Lamine Kouanda, L\u00e9once Kon\u00e9, Salia Sanou et autres, qui ont \u00e9t\u00e9 jug\u00e9s indignes de continuer \u00e0 porter les couleurs du parti et sont donc renvoy\u00e9s, mais aussi de grandes figures comme Boureima Badini ou encore Juliette Bonkoungou qui \u00e9copent d\u2019une suspension d\u2019un an pour avoir \u00e9t\u00e9 aussi de la fronde. Toutes ces sanctions n\u2019auraient pas eu autant de r\u00e9percussions, si elles n\u2019intervenaient pas dans un contexte de lutte de positionnement pour la pr\u00e9sidentielle de 2020 qui divise le parti entre partisans de Eddie Kombo\u00efgo (le pr\u00e9sident du parti en qu\u00eate d\u2019adoubement) et soutiens de Kadr\u00e9 D\u00e9sir\u00e9 Ou\u00e9draogo, candidat d\u00e9j\u00e0 d\u00e9clar\u00e9.<\/p>\n<p><strong>Il est \u00e0 craindre que ceux qui ont \u00e9t\u00e9 punis, mettent leur \u00e9nergie \u00e0 combattre le parti<\/strong><\/p>\n<p><strong>\u00a0<\/strong><\/p>\n<p class=\"c3\">De l\u00e0 \u00e0 voir derri\u00e8re ces sanctions, un acte calcul\u00e9 visant \u00e0 d\u00e9gager la route de l\u2019investiture du parti \u00e0 l\u2019enfant du Passor\u00e9, il y a un pas que les d\u00e9tracteurs de Ediie Kombo\u00efgo ont vite fait de franchir. Quoi qu\u2019il en soit, on ne peut pas reprocher au CDP de chercher \u00e0 faire le m\u00e9nage en vue de mettre de l\u2019ordre dans ses rangs. Pour un parti d\u2019une telle envergure, qui a eu \u00e0 g\u00e9rer le pouvoir d\u2019Etat et qui nourrit l\u2019ambition de signer son retour en force au devant de la sc\u00e8ne politique, plus qu\u2019une n\u00e9cessit\u00e9, c\u2019est un devoir pour tous les militants d\u2019observer scrupuleusement la discipline du parti. C\u2019est pourquoi la tenue d\u2019une instance comme le congr\u00e8s extraordinaire \u00e9tait un imp\u00e9ratif. Seulement, tout porte \u00e0 croire que le torchon qui br\u00fblait entre les h\u00e9ritiers de Blaise Compaor\u00e9, a fini de se consumer entre leurs mains sans qu\u2019ils ne parviennent \u00e0 \u00e9teindre l\u2019incendie. C\u2019est dire s\u2019ils ne se sont pas d\u00e9j\u00e0 br\u00fbl\u00e9 les doigts. Comment peut-il en \u00eatre autrement quand le fondateur du parti qui est le d\u00e9nominateur commun des protagonistes, continue, comme \u00e0 ses habitudes, de garder le voile sur ses intentions, au point que l\u2019on ne sait pas \u00e0 quel son de cloche se fier ? En tout cas, chacun des protagonistes dit avoir son onction, mais seul l\u2019exil\u00e9 de Cocody sait de quel c\u00f4t\u00e9 penche son c\u0153ur et ce qu\u2019il a dit \u00e0 chacun de ses visiteurs.\u00a0 A moins que cette situation ne traduise tout simplement son embarras devant un choix corn\u00e9lien, au point de vouloir \u00a0laisser les choses se d\u00e9canter d\u2019elles-m\u00eames. \u00a0Si c\u2019\u00e9tait le cas, ce serait un jeu dangereux car c\u2019est le parti qui risque, si ce n\u2019est d\u00e9j\u00e0 fait, de payer le prix de la d\u00e9sunion des militants. Ou alors, faut-il y voir un effritement de l\u2019autorit\u00e9 de Blaise Compaor\u00e9, quand on sait que des voix et pas des moindres au sein du parti, \u00a0ont, dans des propos \u00e0 peine voil\u00e9s, signifi\u00e9 que de son exil abidjanais, elles ne voyaient pas le pr\u00e9sident d\u2019honneur \u00e0 vie imposer de candidat mais plut\u00f4t faire des suggestions ? \u00a0 Quoi qu\u2019il en soit, force est de constater qu\u2019en lieu et place d\u2019un congr\u00e8s de rassemblement pour l\u2019op\u00e9ration reconqu\u00eate du pouvoir, la r\u00e9union politique du 22 septembre dernier et les d\u00e9cisions d\u2019exclusion qui en sont sorties, risquent de fragiliser le parti en creusant davantage le foss\u00e9 entre des camarades qui se regardent aujourd\u2019hui clairement\u00a0 en chiens de fa\u00efence. En tout cas, ce congr\u00e8s marque indubitablement un tournant car ces sanctions pourraient provoquer un s\u00e9isme qui risque de marquer profond\u00e9ment le parti. Car, si ces sanctions devaient \u00eatre v\u00e9cues comme des r\u00e8glements de comptes politiques, il est \u00e0 craindre que ceux qui ont \u00e9t\u00e9 punis, mettent leur \u00e9nergie \u00e0 combattre le parti plut\u00f4t qu\u2019\u00e0 \u0153uvrer \u00e0 son retour au premier rang de la sc\u00e8ne politique au Burkina. Et quand on sait le poids de ces personnalit\u00e9s politiques dans leurs r\u00e9gions respectives, on n\u2019est pas loin de croire que le CDP s\u2019est tir\u00e9 une balle dans le pied en leur d\u00e9clarant une guerre ouverte plut\u00f4t que de travailler \u00e0 les ramener docilement dans l\u2019enclos.<\/p>\n<p><strong>\u00a0<\/strong><\/p>\n<p><strong>le Burkina aurait pu faire l\u2019\u00e9conomie de l\u2019insurrection populaire<\/strong><\/p>\n<p><strong>\u00a0<\/strong><\/p>\n<p class=\"c3\">Par exemple, un Salia Sanou a longtemps \u00e9t\u00e9 vu comme la cheville ouvri\u00e8re du CDP dans la r\u00e9gion des Hauts-Bassins. Que dire d\u2019un Boureima Badini dans le Yatenga, d\u2019une Juliette Bonkoungou ou d\u2019un Yahaya Zoungrana dans le Boulkiemd\u00e9 ou encore d\u2019un Rasman\u00e9 Daniel Sawadogo dans le Sanmatenga\u00a0? Cela n\u2019est pas sans rappeler la sanction d\u2019un certain Salif Diallo, en 2008, qui marquait d\u00e9j\u00e0 un tournant dans la vie du parti. Cela n\u2019est pas non plus sans rappeler les cas de Diemdioda Dicko, Louis Armand Ouali et autres Anatole Bonkoungou qui avaient tous eu maille \u00e0 partir avec le parti et qui \u00e9tait revenus le battre sous d\u2019autres couleurs dans leurs fiefs respectifs. Cela n\u2019est pas non plus sans rappeler enfin le cas des dissidents du MPP qui ont finalement contribu\u00e9 \u00e0 la perte du pouvoir par le CDP. C\u2019est pourquoi l\u2019on est port\u00e9 \u00e0 croire qu\u2019\u00e0 l\u2019\u00e9preuve de la d\u00e9mocratie interne, l\u2019ex-parti au pouvoir est en train de filer du mauvais coton au risque d\u2019hypoth\u00e9quer ses chances de reconqu\u00eate du pouvoir en 2020. Car, \u00e0 moins d\u2019un an et demi de la pr\u00e9sidentielle, alors que les \u00e9tats-majors des diff\u00e9rents partis politiques s\u2019affairent \u00e0 battre le rappel des troupes pour resserrer les rangs avant d\u2019aller \u00e0 la conqu\u00eate du pouvoir, le CDP semble ramer \u00e0 contre-courant de cette strat\u00e9gie. Comment pouvait-il en \u00eatre autrement d\u00e8s lors que les instances internes du parti ont \u00e9chou\u00e9 \u00e0 concilier les positions au point de laver le linge sale au pr\u00e9toire\u00a0? Ce qui n\u2019est jamais bon signe. Car, si les tiraillements et autres courants divergents apparaissent comme autant de signes de vitalit\u00e9 d\u2019un parti politique, il reste qu\u2019au CDP, cela semblait avoir d\u00e9pass\u00e9 le cadre de la saine rivalit\u00e9 politique pour prendre la naus\u00e9euse forme de r\u00e8glements de comptes. Et aujourd\u2019hui, on semble avoir atteint le point de non retour. \u00a0\u00a0C\u2019est pourquoi, au lieu d\u2019\u00eatre l\u2019\u00e9pilogue d\u2019un malaise, il est \u00e0 craindre que ces sanctions marquent plut\u00f4t le d\u00e9but d\u2019un nouveau bras de fer qui risque d\u2019exacerber les tensions entre des militants qui se consid\u00e8rent de la \u00a01<sup>\u00e8re<\/sup>\u00a0heure et ceux qu\u2019ils taxent publiquement de militants de la 25<sup>e\u00a0<\/sup> heure. A moins que ces derniers ne d\u00e9cident de rompre d\u00e9finitivement les amarres. En tout \u00e9tat de cause, le CDP devrait savoir tirer le\u00e7on de l\u2019histoire. Car, il a fallu que le peuple burkinab\u00e8 prenne ses responsabilit\u00e9s avant que ce parti comprenne qu\u2019il compte aussi dans ses rangs, des personnalit\u00e9s politiques de premier rang en dehors de Blaise Compaor\u00e9. Si ceux-l\u00e0 avaient pris leurs responsabilit\u00e9s en son temps, le Burkina aurait pu faire l\u2019\u00e9conomie de l\u2019insurrection populaire. Alors, il faut savoir raison garder.<\/p>\n<p><strong><em>\u00a0\u00ab\u00a0Le Pays\u00a0\u00bb<\/em><\/strong><\/p>\n<p><strong>\u00a0<\/strong><\/p>\n<p>Auteur: Le Pays<br \/>\n<a href=\"http:\/\/lepays.bf\/congres-extraordinaire-du-cdp-sur-fond-dexclusion-de-militants\/\">Cliquez ici pour lire l&rsquo;article depuis sa source.<\/a><\/p>\n","protected":false},"excerpt":{"rendered":"<p>Va-t-on vers une implosion du CDP\u00a0? Telle est la question que l\u2019on pourrait se poser au lendemain du congr\u00e8s extraordinaire du 22 septembre dernier, tenu au terme d\u2019un feuilleton judiciaire qui opposait depuis des mois des militants et pas des moindres au directoire du parti, et dont les d\u00e9cisions fortes se traduisent par l\u2019exclusion et [&hellip;]<\/p>\n","protected":false},"author":1813,"featured_media":0,"comment_status":"closed","ping_status":"closed","sticky":false,"template":"","format":"standard","meta":{"fifu_image_url":"","fifu_image_alt":"","footnotes":""},"categories":[73,81],"tags":[],"class_list":["post-62119","post","type-post","status-publish","format-standard","hentry","category-actualite","category-burkina-faso"],"_links":{"self":[{"href":"https:\/\/linitiative.ca\/International\/wp-json\/wp\/v2\/posts\/62119","targetHints":{"allow":["GET"]}}],"collection":[{"href":"https:\/\/linitiative.ca\/International\/wp-json\/wp\/v2\/posts"}],"about":[{"href":"https:\/\/linitiative.ca\/International\/wp-json\/wp\/v2\/types\/post"}],"author":[{"embeddable":true,"href":"https:\/\/linitiative.ca\/International\/wp-json\/wp\/v2\/users\/1813"}],"replies":[{"embeddable":true,"href":"https:\/\/linitiative.ca\/International\/wp-json\/wp\/v2\/comments?post=62119"}],"version-history":[{"count":0,"href":"https:\/\/linitiative.ca\/International\/wp-json\/wp\/v2\/posts\/62119\/revisions"}],"wp:attachment":[{"href":"https:\/\/linitiative.ca\/International\/wp-json\/wp\/v2\/media?parent=62119"}],"wp:term":[{"taxonomy":"category","embeddable":true,"href":"https:\/\/linitiative.ca\/International\/wp-json\/wp\/v2\/categories?post=62119"},{"taxonomy":"post_tag","embeddable":true,"href":"https:\/\/linitiative.ca\/International\/wp-json\/wp\/v2\/tags?post=62119"}],"curies":[{"name":"wp","href":"https:\/\/api.w.org\/{rel}","templated":true}]}}