{"id":62120,"date":"2019-09-23T16:47:21","date_gmt":"2019-09-23T20:47:21","guid":{"rendered":"https:\/\/linitiative.ca\/International\/debat-general-de-lag-de-lonu-sur-la-pauvrete\/"},"modified":"2019-09-23T16:47:21","modified_gmt":"2019-09-23T20:47:21","slug":"debat-general-de-lag-de-lonu-sur-la-pauvrete","status":"publish","type":"post","link":"https:\/\/linitiative.ca\/International\/debat-general-de-lag-de-lonu-sur-la-pauvrete\/","title":{"rendered":"DEBAT GENERAL DE L\u2019AG DE L\u2019ONU SUR LA PAUVRETE"},"content":{"rendered":"<div class=\"stream-item stream-item-above-post-content\">\n<p><noscript><\/p>\n<p><a href=\"\/\/www3.smartadserver.com\/ac?jump=1&#038;nwid=2136&#038;siteid=240610&#038;pgname=rg&#038;fmtid=49046&#038;visit=m&#038;tmstp=[timestamp]&#038;out=nonrich\" target=\"_blank\" rel=\"noopener noreferrer\"><img decoding=\"async\" src=\"\/\/www3.smartadserver.com\/ac?out=nonrich&#038;nwid=2136&#038;siteid=240610&#038;pgname=rg&#038;fmtid=49046&#038;visit=m&#038;tmstp=[timestamp]\" border=\"0\" alt=\"\"\/><\/a><\/p>\n<p><\/noscript><\/div>\n<p>Le d\u00e9bat g\u00e9n\u00e9ral de la 74<sup>e<\/sup> \u00a0Assembl\u00e9e g\u00e9n\u00e9rale des Nations Unies s\u2019ouvre ce 24 septembre \u00a0\u00e0 New York aux Etats-Unis, avec comme th\u00e8me du jour\u00a0: \u00ab <em>Dynamiser les efforts faits au niveau multilat\u00e9ral en faveur de l\u2019\u00e9limination de la pauvret\u00e9, d\u2019une \u00e9ducation de qualit\u00e9, de l\u2019action climatique et de l\u2019inclusion<\/em>\u00bb. La pertinence de ce th\u00e8me ne souffre d\u2019aucun d\u00e9bat.\u00a0 Car, ce n\u2019est un secret pour personne que la pauvret\u00e9 continue d\u2019\u00eatre le lot des souffrances quotidiennes de bien des populations \u00e0 travers le monde. On peut m\u00eame, sans risque de se tromper, dire que les r\u00e9gions en sont connues. Elles ont pour noms, l\u2019Afrique, le Moyen-Orient,\u00a0 l\u2019Asie et l\u2019Am\u00e9rique latine. La question que l\u2019on est en droit de se poser, est la suivante\u00a0: pourquoi malgr\u00e9 les efforts consentis, ces r\u00e9gions restent-elles \u00a0toujours confront\u00e9es \u00e0 la pauvret\u00e9? Plusieurs r\u00e9ponses peuvent y \u00eatre apport\u00e9es. La premi\u00e8re est que la corruption, le n\u00e9potisme, la gabegie, bref\u00a0 la malgouvernance, ont y pignon sur rue. Or, ces facteurs ne peuvent que creuser davantage le foss\u00e9 entre riches et pauvres. Autrement dit, tant que les dirigeants de ces r\u00e9gions ne prendront pas \u00e0 bras-le-corps la question de la lutte contre les pratiques sus-cit\u00e9es, la pauvret\u00e9 y aura de beaux jours devant elle. Cela est d\u2019autant plus vrai que le seul cas de l\u2019Afrique est suffisamment illustratif. En effet, voil\u00e0 un continent dont le sous-sol est immens\u00e9ment riche mais o\u00f9 l\u2019on compte le plus de pauvres. Preuve, si besoin en \u00e9tait, que le probl\u00e8me ne vient pas du Ciel mais des hommes. La v\u00e9ritable raison de la pauvret\u00e9 de l\u2019Afrique est, disons-le sans d\u00e9tour, la r\u00e9partition in\u00e9gale des richesses. Tant que l\u2019Afrique ne se regardera pas dans la glace, la pauvret\u00e9 continuera \u00e0 y s\u00e9vir avec son lot de morts et de calamit\u00e9s. Toutefois, il serait l\u00e9ger de consid\u00e9rer l\u2019Afrique comme seule responsable des malheurs qui la frappent. L\u2019Occident en est aussi en partie responsable.<\/p>\n<p><strong>On ne peut esp\u00e9rer grand-chose de cette 74<sup>e<\/sup> foire des chefs d\u2019Etat et de gouvernement<\/strong><\/p>\n<p><strong>\u00a0<\/strong><\/p>\n<p class=\"c3\">La premi\u00e8re chose que l\u2019on pourrait reprocher \u00e0 ces puissants du monde, est leur \u00e9go\u00efsme. Apr\u00e8s avoir pill\u00e9 les richesses de l\u2019Afrique au propre comme au figur\u00e9, ils l\u2019ont mise sous coupe r\u00e9gl\u00e9e.\u00a0 Si ce ne sont pas des maladies graves, ce sont des guerres provoqu\u00e9es et aliment\u00e9es par eux, qui menacent sa stabilit\u00e9. \u00a0La seconde chose, c\u2019est leur manque de sinc\u00e9rit\u00e9. Depuis le discours de La Baule, des promesses mirobolantes ont \u00e9t\u00e9 faites aux Africains pour aider au d\u00e9veloppement de leur continent. Des projets, il y en a eu, des plus farfelus aux plus innovants. Mais rien de tout cela n\u2019a pu aboutir \u00e0 des r\u00e9sultats probants, en raison de la raret\u00e9 du nerf de la guerre d\u00e9tenu par les grandes puissances qui rechignent \u00e0 d\u00e9lier le cordon de la bourse.\u00a0 M\u00eame les projets con\u00e7us par eux-m\u00eames souffrent quelquefois de manque de financement.\u00a0 Cons\u00e9quence, l\u2019Afrique est toujours au bas de l\u2019\u00e9chelle si elle n\u2019est pas oblig\u00e9e de tendre la s\u00e9bile \u00e0\u00a0 ceux-l\u00e0 m\u00eames qui lui sont redevables. Il n\u2019y a qu\u2019\u00e0 voir l\u2019\u00e9tat dans lequel les Programmes d\u2019ajustement structurels ont mis le continent noir pour s\u2019en convaincre. Et quid de l\u2019\u00e9ducation dont l\u2019\u00e2me s\u2019est envol\u00e9e avec la mise en \u0153uvre de projets \u00a0impos\u00e9s aux dirigeants africains?\u00a0 Qu\u2019a-t-on fait de sp\u00e9cial pour que l\u2019Afrique atteigne les Objectifs du mill\u00e9naire pour le d\u00e9veloppement (OMD)\u00a0? Qu\u2019a-t-on donn\u00e9 de sp\u00e9cial \u00e0 l\u2019Afrique pour qu\u2019elle parvienne \u00e0 la r\u00e9alisation des Objectifs du d\u00e9veloppement durable (ODD) ? En v\u00e9rit\u00e9, il ne s\u2019agit ni plus ni moins que de la poudre de perlimpinpin jet\u00e9e aux yeux des Africains. En atteste le non-respect des \u00e9ch\u00e9ances fix\u00e9es pour l\u2019atteinte de ces ambitieux objectifs. De fait, \u00a0autant les conclusions des pr\u00e9c\u00e9dentes AG de l\u2019ONU n\u2019ont pas abouti \u00e0 grand-chose, autant on ne peut esp\u00e9rer grand-chose de cette 74<sup>e<\/sup> foire des chefs d\u2019Etat et de gouvernement. Du reste, on n\u2019exag\u00e9rerait pas en disant que cette AG de l\u2019ONU n\u2019est ni plus ni moins qu\u2019une tribune de d\u00e9foulement pour les t\u00eates couronn\u00e9es de ce monde.\u00a0 C\u2019est pourquoi il sied de les inviter \u00a0\u00e0 aller au-del\u00e0 des mots, en posant des actes concrets. \u00a0C\u2019est \u00e0 ce prix que l\u2019on pourrait voir la v\u00e9ritable utilit\u00e9 de ces rencontres annuelles. En tout cas, l\u2019heure n\u2019est plus au diagnostic, car les probl\u00e8mes \u00e9voqu\u00e9s sont connus. C\u2019est plut\u00f4t la volont\u00e9 de les r\u00e9soudre qui manque le plus. Toutefois, il convient de saluer la tenue de la r\u00e9union sur l\u2019Amazonie qui a abouti au d\u00e9blocage de 500 millions de dollars, pour la pr\u00e9servation de cette for\u00eat ainsi que celle des autres for\u00eats tropicales. L\u2019on peut aussi se f\u00e9liciter du partenariat\u00a0 scell\u00e9 entre la Norv\u00e8ge et le Gabon dont l\u2019objectif n\u2019est autre que de verser 150 millions de dollars \u00e0 ce petit pays d\u2019Afrique afin qu\u2019il puisse pr\u00e9server ses for\u00eats. Cela est d\u2019autant plus heureux que ce pays qui abrite une bonne partie de la for\u00eat de l\u2019Afrique Centrale, qualifi\u00e9e de deuxi\u00e8me poumon de la terre, sera la premi\u00e8re nation africaine \u00e0 recevoir des fonds internationaux pour ses efforts contre la d\u00e9forestation. Mais il faut attendre de voir.<\/p>\n<p><strong>\u00a0<\/strong><\/p>\n<p><strong>Dabadi ZOUMBARA<\/strong><\/p>\n<p><strong>\u00a0<\/strong><\/p>\n<p><strong>\u00a0<\/strong><\/p>\n<p><strong>\u00a0\u00a0<\/strong><\/p>\n<p>Auteur: Le Pays<br \/>\n<a href=\"http:\/\/lepays.bf\/debat-general-de-lag-de-lonu-sur-la-pauvrete\/\">Cliquez ici pour lire l&rsquo;article depuis sa source.<\/a><\/p>\n","protected":false},"excerpt":{"rendered":"<p>Le d\u00e9bat g\u00e9n\u00e9ral de la 74e \u00a0Assembl\u00e9e g\u00e9n\u00e9rale des Nations Unies s\u2019ouvre ce 24 septembre \u00a0\u00e0 New York aux Etats-Unis, avec comme th\u00e8me du jour\u00a0: \u00ab Dynamiser les efforts faits au niveau multilat\u00e9ral en faveur de l\u2019\u00e9limination de la pauvret\u00e9, d\u2019une \u00e9ducation de qualit\u00e9, de l\u2019action climatique et de l\u2019inclusion\u00bb. La pertinence de ce th\u00e8me [&hellip;]<\/p>\n","protected":false},"author":1813,"featured_media":0,"comment_status":"closed","ping_status":"closed","sticky":false,"template":"","format":"standard","meta":{"fifu_image_url":"","fifu_image_alt":"","footnotes":""},"categories":[73,81],"tags":[],"class_list":["post-62120","post","type-post","status-publish","format-standard","hentry","category-actualite","category-burkina-faso"],"_links":{"self":[{"href":"https:\/\/linitiative.ca\/International\/wp-json\/wp\/v2\/posts\/62120","targetHints":{"allow":["GET"]}}],"collection":[{"href":"https:\/\/linitiative.ca\/International\/wp-json\/wp\/v2\/posts"}],"about":[{"href":"https:\/\/linitiative.ca\/International\/wp-json\/wp\/v2\/types\/post"}],"author":[{"embeddable":true,"href":"https:\/\/linitiative.ca\/International\/wp-json\/wp\/v2\/users\/1813"}],"replies":[{"embeddable":true,"href":"https:\/\/linitiative.ca\/International\/wp-json\/wp\/v2\/comments?post=62120"}],"version-history":[{"count":0,"href":"https:\/\/linitiative.ca\/International\/wp-json\/wp\/v2\/posts\/62120\/revisions"}],"wp:attachment":[{"href":"https:\/\/linitiative.ca\/International\/wp-json\/wp\/v2\/media?parent=62120"}],"wp:term":[{"taxonomy":"category","embeddable":true,"href":"https:\/\/linitiative.ca\/International\/wp-json\/wp\/v2\/categories?post=62120"},{"taxonomy":"post_tag","embeddable":true,"href":"https:\/\/linitiative.ca\/International\/wp-json\/wp\/v2\/tags?post=62120"}],"curies":[{"name":"wp","href":"https:\/\/api.w.org\/{rel}","templated":true}]}}