{"id":62121,"date":"2019-09-23T16:50:25","date_gmt":"2019-09-23T20:50:25","guid":{"rendered":"https:\/\/linitiative.ca\/International\/proces-de-proches-de-boutef-en-algerie\/"},"modified":"2019-09-23T16:50:25","modified_gmt":"2019-09-23T20:50:25","slug":"proces-de-proches-de-boutef-en-algerie","status":"publish","type":"post","link":"https:\/\/linitiative.ca\/International\/proces-de-proches-de-boutef-en-algerie\/","title":{"rendered":"PROCES DE PROCHES DE BOUTEF EN ALGERIE  \u00a0"},"content":{"rendered":"<div class=\"featured-area featured-area-inner\"><img loading=\"lazy\" decoding=\"async\" width=\"780\" height=\"405\" src=\"http:\/\/lepays.bf\/wp-content\/uploads\/2019\/09\/ALGERIE-780x405.jpg\" class=\"attachment-jannah-image-post size-jannah-image-post wp-post-image\" alt=\"\"\/><\/div>\n<div class=\"entry-content entry clearfix\" readability=\"67\">\n<div class=\"stream-item stream-item-above-post-content\">\n<p><noscript><\/p>\n<p><a href=\"\/\/www3.smartadserver.com\/ac?jump=1&#038;nwid=2136&#038;siteid=240610&#038;pgname=rg&#038;fmtid=49046&#038;visit=m&#038;tmstp=[timestamp]&#038;out=nonrich\" target=\"_blank\" rel=\"noopener noreferrer\"><img decoding=\"async\" src=\"\/\/www3.smartadserver.com\/ac?out=nonrich&#038;nwid=2136&#038;siteid=240610&#038;pgname=rg&#038;fmtid=49046&#038;visit=m&#038;tmstp=[timestamp]\" border=\"0\" alt=\"\"\/><\/a><\/p>\n<p><\/noscript><\/div>\n<p class=\"c3\">Sa\u00efd Bouteflika et Mohamed Mediene \u00a0dit <em>\u00ab\u00a0Toufik\u00a0\u00bb,<\/em> tous deux proches du pr\u00e9sident d\u00e9chu Abdelaziz Bouteflika, sont poursuivis par la Justice militaire. Le premier cit\u00e9 est le fr\u00e8re et\u00a0 l\u2019un des conseillers fid\u00e8les de l\u2019ex-pr\u00e9sident alg\u00e9rien. Il avait la mainmise sur le s\u00e9rail politique depuis que Boutef souffrait des s\u00e9quelles d&rsquo;un AVC et ce, depuis 2013. Sa\u00efd \u00e9tait donc celui-l\u00e0 m\u00eame qui faisait la pluie et le beau temps en Alg\u00e9rie. D\u2019aucuns disaient qu\u2019il g\u00e9rait en effet le pouvoir d\u2019Etat, tant ce qu\u2019il disait \u00e9tait incontest\u00e9. Le second, Mohammed Medienne, \u00e9tait le puissant chef du service de renseignement durant\u00a0 25 ans. Et il \u00e9tait craint \u00e0 telle enseigne qu\u2019on avait peur de prononcer son nom en\u00a0 public.\u00a0 Ce 23 septembre reste par ailleurs une victoire pour le peuple alg\u00e9rien, car les personnalit\u00e9s pr\u00e9cit\u00e9es qui n\u2019\u00e9taient pas en symbiose avec les manifestants dans la rue, ont tous comparu\u00a0 devant le tribunal militaire de Blida situ\u00e9 au sud d\u2019Alger pour \u00ab<em>atteinte \u00e0 l\u2019autorit\u00e9 de l\u2019arm\u00e9e<\/em>\u00a0\u00bb et \u00ab\u00a0<em>complot contre l\u2019autorit\u00e9 de l\u2019Etat<\/em> \u00bb. Des crimes pour lesquels ils encourent cinq \u00e0 10 ans de prison, selon le Code de justice militaire alg\u00e9rien. Qui l\u2019aurait donc cru\u00a0? C\u2019est cela aussi l\u2019autre revers de la m\u00e9daille en politique. C\u2019est la ran\u00e7on de l\u2019implication de la fratrie dans la gestion des affaires de l\u2019Etat. Et les cas sont l\u00e9gion en Afrique. L\u2019on peut citer parmi tant d\u2019autres, celui \u00a0\u00a0du Burkina \u00a0o\u00f9\u00a0 Blaise Compaor\u00e9 et son\u00a0 fr\u00e8re cadet Fran\u00e7ois, avaient la mainmise sur presque tous les secteurs d\u2019activit\u00e9s. C\u2019\u00e9tait aussi le cas au S\u00e9n\u00e9gal avec Abdoulaye Wade et son fils Karim. Le constat que l\u2019on fait est que cette comparution intervient dans un\u00a0 contexte o\u00f9 les Alg\u00e9riens\u00a0 continuent de battre le pav\u00e9, pour demander toujours mieux. En effet, \u00a0les contestataires rejettent la tenue d\u2019une \u00e9lection sous l\u2019\u00e9gide du \u00a0gouvernement actuel et r\u00e9clament le d\u00e9mant\u00e8lement de cet appareil h\u00e9rit\u00e9 des 20 ans de pr\u00e9sidence Bouteflika.\u00a0 Le moins que l\u2019on puisse dire, c\u2019est \u00a0que ce proc\u00e8s des proches de Bouteflika, m\u00eame \u00a0s\u2019il faut le saluer, n\u2019est, \u00e0 l\u2019analyse, qu\u2019une strat\u00e9gie de \u00a0diversion de Ga\u00efd Salah pour \u00e9luder les revendications de la rue. Et la question que l\u2019on se pose est celle de savoir si les proches de Bouteflika appel\u00e9s \u00e0 la barre ne sont pas des moutons de sacrifice de Gaid\u00a0Salah. En effet, c\u2019est un secret de polichinelle que le g\u00e9n\u00e9ral n\u2019\u00e9tait pas en odeur de saintet\u00e9 avec Said Bouteflika. Et pour certains Alg\u00e9riens, cette comparution et les peines que les accus\u00e9s encourent, ne sont en r\u00e9alit\u00e9 que l\u2019expression d\u2019une multitude des r\u00e8glements de comptes personnels qui pourraient au passage, \u00a0contenter le peuple. Mais, on peut se demander si les Alg\u00e9riens avaleront la pilule aussi facilement que l\u2019a administr\u00e9e le g\u00e9n\u00e9ral Ga\u00efd. Ce d\u2019autant plus qu\u2019il est loin d\u2019\u00eatre lui-m\u00eame irr\u00e9prochable pour avoir, d\u2019une mani\u00e8re d\u2019une autre, fait corps avec ce r\u00e9gime pendant des d\u00e9cennies. Cela dit, ce n\u2019est pas en tentant de r\u00e9duire au\u00a0 silence d\u2019\u00e9ventuelles voix discordantes que \u00a0le g\u00e9n\u00e9ral Ga\u00efd Salah pourrait se frayer une voie de sortie honorable. Toutefois, on peut conc\u00e9der que ce proc\u00e8s pourrait avoir une port\u00e9e p\u00e9dagogique, pour peu qu\u2019il puisse se d\u00e9rouler dans les r\u00e8gles de l\u2019art.<\/p>\n<p class=\"c3\">\u00a0\u00a0\u00a0\u00a0\u00a0\u00a0\u00a0\u00a0\u00a0\u00a0\u00a0\u00a0\u00a0\u00a0\u00a0\u00a0\u00a0\u00a0\u00a0\u00a0\u00a0\u00a0\u00a0\u00a0\u00a0\u00a0\u00a0\u00a0\u00a0\u00a0\u00a0\u00a0\u00a0\u00a0\u00a0\u00a0\u00a0\u00a0\u00a0\u00a0\u00a0\u00a0\u00a0\u00a0\u00a0\u00a0\u00a0\u00a0\u00a0\u00a0\u00a0\u00a0\u00a0\u00a0\u00a0\u00a0\u00a0\u00a0\u00a0\u00a0\u00a0<strong>\u00a0\u00a0\u00a0\u00a0\u00a0\u00a0\u00a0\u00a0\u00a0\u00a0\u00a0\u00a0\u00a0\u00a0\u00a0\u00a0\u00a0\u00a0\u00a0\u00a0\u00a0\u00a0\u00a0\u00a0\u00a0\u00a0\u00a0\u00a0\u00a0\u00a0\u00a0\u00a0\u00a0\u00a0\u00a0\u00a0\u00a0\u00a0\u00a0 Boureima KINDO<\/strong><\/p>\n<\/div>\n<p>Auteur: Le Pays<br \/>\n<a href=\"http:\/\/lepays.bf\/proces-de-proches-de-boutef-en-algerie\/\">Cliquez ici pour lire l&rsquo;article depuis sa source.<\/a><\/p>\n","protected":false},"excerpt":{"rendered":"<p>Sa\u00efd Bouteflika et Mohamed Mediene \u00a0dit \u00ab\u00a0Toufik\u00a0\u00bb, tous deux proches du pr\u00e9sident d\u00e9chu Abdelaziz Bouteflika, sont poursuivis par la Justice militaire. Le premier cit\u00e9 est le fr\u00e8re et\u00a0 l\u2019un des conseillers fid\u00e8les de l\u2019ex-pr\u00e9sident alg\u00e9rien. Il avait la mainmise sur le s\u00e9rail politique depuis que Boutef souffrait des s\u00e9quelles d&rsquo;un AVC et ce, depuis 2013. [&hellip;]<\/p>\n","protected":false},"author":1813,"featured_media":62122,"comment_status":"closed","ping_status":"closed","sticky":false,"template":"","format":"standard","meta":{"fifu_image_url":"","fifu_image_alt":"","footnotes":""},"categories":[73,81],"tags":[],"class_list":["post-62121","post","type-post","status-publish","format-standard","has-post-thumbnail","hentry","category-actualite","category-burkina-faso"],"_links":{"self":[{"href":"https:\/\/linitiative.ca\/International\/wp-json\/wp\/v2\/posts\/62121","targetHints":{"allow":["GET"]}}],"collection":[{"href":"https:\/\/linitiative.ca\/International\/wp-json\/wp\/v2\/posts"}],"about":[{"href":"https:\/\/linitiative.ca\/International\/wp-json\/wp\/v2\/types\/post"}],"author":[{"embeddable":true,"href":"https:\/\/linitiative.ca\/International\/wp-json\/wp\/v2\/users\/1813"}],"replies":[{"embeddable":true,"href":"https:\/\/linitiative.ca\/International\/wp-json\/wp\/v2\/comments?post=62121"}],"version-history":[{"count":0,"href":"https:\/\/linitiative.ca\/International\/wp-json\/wp\/v2\/posts\/62121\/revisions"}],"wp:featuredmedia":[{"embeddable":true,"href":"https:\/\/linitiative.ca\/International\/wp-json\/"}],"wp:attachment":[{"href":"https:\/\/linitiative.ca\/International\/wp-json\/wp\/v2\/media?parent=62121"}],"wp:term":[{"taxonomy":"category","embeddable":true,"href":"https:\/\/linitiative.ca\/International\/wp-json\/wp\/v2\/categories?post=62121"},{"taxonomy":"post_tag","embeddable":true,"href":"https:\/\/linitiative.ca\/International\/wp-json\/wp\/v2\/tags?post=62121"}],"curies":[{"name":"wp","href":"https:\/\/api.w.org\/{rel}","templated":true}]}}