{"id":62123,"date":"2019-09-23T16:54:53","date_gmt":"2019-09-23T20:54:53","guid":{"rendered":"https:\/\/linitiative.ca\/International\/forum-national-de-la-jeunesse\/"},"modified":"2019-09-23T16:54:53","modified_gmt":"2019-09-23T20:54:53","slug":"forum-national-de-la-jeunesse","status":"publish","type":"post","link":"https:\/\/linitiative.ca\/International\/forum-national-de-la-jeunesse\/","title":{"rendered":"FORUM NATIONAL DE LA JEUNESSE"},"content":{"rendered":"<div class=\"featured-area featured-area-inner\"><img loading=\"lazy\" decoding=\"async\" width=\"640\" height=\"405\" src=\"http:\/\/lepays.bf\/wp-content\/uploads\/2019\/09\/FORUM-640x405.jpg\" class=\"attachment-jannah-image-post size-jannah-image-post wp-post-image\" alt=\"\"\/><\/div>\n<div class=\"entry-content entry clearfix\" readability=\"64\">\n<div class=\"stream-item stream-item-above-post-content\">\n<p><noscript><\/p>\n<p><a href=\"\/\/www3.smartadserver.com\/ac?jump=1&#038;nwid=2136&#038;siteid=240610&#038;pgname=rg&#038;fmtid=49046&#038;visit=m&#038;tmstp=[timestamp]&#038;out=nonrich\" target=\"_blank\" rel=\"noopener noreferrer\"><img decoding=\"async\" src=\"\/\/www3.smartadserver.com\/ac?out=nonrich&#038;nwid=2136&#038;siteid=240610&#038;pgname=rg&#038;fmtid=49046&#038;visit=m&#038;tmstp=[timestamp]\" border=\"0\" alt=\"\"\/><\/a><\/p>\n<p><\/noscript><\/div>\n<p><strong>\u00a0<\/strong><em>Du 18 au 21 septembre 2019, sous l\u2019\u00e9gide du minist\u00e8re de la Jeunesse et de la promotion de l\u2019entreprenariat, les jeunes du Burkina Faso dans toutes leurs composantes, se sont retrouv\u00e9s \u00e0 Bobo-Dioulasso dans le cadre annuel du Forum national de la Jeunesse. Pendant trois jours, le th\u00e8me qui a mobilis\u00e9 toutes les ressources intellectuelles de la jeunesse \u00e9tait\u00a0: \u00ab\u00a0 R\u00f4le et responsabilit\u00e9 de la jeunesse dans l\u2019\u00e9dification d\u2019une nation unie, prosp\u00e8re et \u00e9mergente dans un contexte de lutte contre l\u2019ins\u00e9curit\u00e9\u00a0\u00bb. Dans le contexte s\u00e9curitaire actuel du Burkina Faso marqu\u00e9 par la recrudescence des attaques terroristes et la mutation de la g\u00e9ographie de cette folie meurtri\u00e8re qui n\u2019\u00e9pargne plus aucune couche de la soci\u00e9t\u00e9, l\u2019on pouvait difficilement trouver un th\u00e8me plus pertinent, ce d\u2019autant plus que la jeunesse est \u00e0 la fois cible et p\u00e9pini\u00e8re de recrutement des groupes arm\u00e9s. Malgr\u00e9 ce climat national d\u00e9l\u00e9t\u00e8re, le Chef de l\u2019Etat, Roch Marc Christian Kabor\u00e9, n\u2019a pas voulu rater ce rendez-vous annuel avec les jeunes du Faso qui, comme d\u2019habitude, a \u00e9t\u00e9 l\u2019occasion d\u2019\u00e9changes directs entre lui et cette couche de la population dont l\u2019importance en terme de poids d\u00e9mographique, \u00e9lectoral de participation aux efforts de d\u00e9veloppement du pays\u00a0 et d\u2019espoirs pour l\u2019avenir, n\u2019est plus \u00e0 d\u00e9montrer. Et comme il fallait s\u2019y attendre, \u00a0\u00e0 l\u2019occasion de ce dialogue direct entre le Pr\u00e9sident du Faso, son gouvernement et les jeunes, tout un catalogue d\u2019engagements, \u00e0 la fois de la part du gouvernement et des jeunes, a \u00e9t\u00e9 \u00e9labor\u00e9 et rendez-vous a \u00e9t\u00e9 pris pour l\u2019ann\u00e9e prochaine.\u00a0 Si l\u2019on peut se f\u00e9liciter de la tenue de la conf\u00e9rence, de la pertinence du th\u00e8me et de la belle moisson en termes de recommandations, l\u2019on ne peut s\u2019emp\u00eacher de s\u2019interroger sur l\u2019impact de cette grand\u2019messe annuelle sur les pr\u00e9occupations r\u00e9elles de la jeunesse. On le sait, l\u2019une de ces plus importantes pr\u00e9occupations est l\u2019emploi. Lorsque l\u2019on sait par exemple que sur pr\u00e8s du million de candidats aux concours directs de la Fonction publique, seules cinq mille places ont \u00e9t\u00e9 mises en jeu, on peut s\u00e9rieusement \u00e9mettre des doutes quant \u00e0 l\u2019importance que le gouvernement pr\u00e9tend accorder aux probl\u00e8mes d\u2019emplois des jeunes. Tout ceci donne l\u2019impression que la jeunesse est instrumentalis\u00e9e \u00e0 des fins politiques et \u00e9lectoralistes o\u00f9 la mis\u00e8re ambiante dans le milieu jeune est utilis\u00e9e comme monnaie politique. La pratique bien connue est la distribution de modiques sommes \u00e0 des fins de mobilisation et une fois les besoins assouvis, ces jeunes se retrouvent \u00e0 patauger \u00e0 nouveau dans les \u00e9gouts de la soci\u00e9t\u00e9. Il est temps que ces pratiques changent, au regard des d\u00e9fis actuels de notre soci\u00e9t\u00e9. Non seulement il y va de l\u2019int\u00e9r\u00eat du gouvernement dont la stabilit\u00e9 et la s\u00e9curit\u00e9 ne peuvent \u00eatre garanties face \u00e0 une majorit\u00e9 de jeunes incapables de r\u00e9pondre \u00e0 leurs besoins vitaux, mais aussi il y va de l\u2019int\u00e9r\u00eat des jeunes qui se rendent chaque jour \u00e0 l\u2019\u00e9vidence que les discours politiques flatteurs ne remplissent pas le ventre. Il y va enfin de l\u2019int\u00e9r\u00eat de toute la nation qui a besoin de la force de travail et du dynamisme des jeunes pour la cr\u00e9ation de richesses et le progr\u00e8s de la nation. Le changement attendu passe donc par un gouvernement qui prenne r\u00e9ellement \u00e0 bras-le corps les attentes des jeunes et fasse preuve de plus d\u2019initiatives et d\u2019audace. Mais les jeunes ne doivent pas attendre dans l\u2019immobilisme, la solution \u00e0 leurs probl\u00e8mes. Ils doivent savoir lib\u00e9rer leur tr\u00e9sor d\u2019\u00e9nergie pour prendre en charge leur avenir et faire pression sur les dirigeants pour qu\u2019ils mettent en \u0153uvre des politiques cons\u00e9quentes en leur faveur. Si ces imp\u00e9ratifs ne sont pas pris en compte, on devrait s\u2019attendre encore \u00e0 ces insoutenables images de hordes de jeunes d\u00e9penaill\u00e9s errant dans le d\u00e9sert du Sahara ou affrontant les vagues mortelles de la M\u00e9diterran\u00e9e devenue un cimeti\u00e8re \u00e0 ciel ouvert pour migrants.<\/em><\/p>\n<p><em>\u00a0<\/em><\/p>\n<p><strong>Sidzabda \u00a0\u00a0\u00a0<\/strong><\/p>\n<\/div>\n<p>Auteur: Le Pays<br \/>\n<a href=\"http:\/\/lepays.bf\/forum-national-de-la-jeunesse\/\">Cliquez ici pour lire l&rsquo;article depuis sa source.<\/a><\/p>\n","protected":false},"excerpt":{"rendered":"<p>\u00a0Du 18 au 21 septembre 2019, sous l\u2019\u00e9gide du minist\u00e8re de la Jeunesse et de la promotion de l\u2019entreprenariat, les jeunes du Burkina Faso dans toutes leurs composantes, se sont retrouv\u00e9s \u00e0 Bobo-Dioulasso dans le cadre annuel du Forum national de la Jeunesse. Pendant trois jours, le th\u00e8me qui a mobilis\u00e9 toutes les ressources intellectuelles [&hellip;]<\/p>\n","protected":false},"author":1813,"featured_media":62124,"comment_status":"closed","ping_status":"closed","sticky":false,"template":"","format":"standard","meta":{"fifu_image_url":"","fifu_image_alt":"","footnotes":""},"categories":[73,81],"tags":[],"class_list":["post-62123","post","type-post","status-publish","format-standard","has-post-thumbnail","hentry","category-actualite","category-burkina-faso"],"_links":{"self":[{"href":"https:\/\/linitiative.ca\/International\/wp-json\/wp\/v2\/posts\/62123","targetHints":{"allow":["GET"]}}],"collection":[{"href":"https:\/\/linitiative.ca\/International\/wp-json\/wp\/v2\/posts"}],"about":[{"href":"https:\/\/linitiative.ca\/International\/wp-json\/wp\/v2\/types\/post"}],"author":[{"embeddable":true,"href":"https:\/\/linitiative.ca\/International\/wp-json\/wp\/v2\/users\/1813"}],"replies":[{"embeddable":true,"href":"https:\/\/linitiative.ca\/International\/wp-json\/wp\/v2\/comments?post=62123"}],"version-history":[{"count":0,"href":"https:\/\/linitiative.ca\/International\/wp-json\/wp\/v2\/posts\/62123\/revisions"}],"wp:featuredmedia":[{"embeddable":true,"href":"https:\/\/linitiative.ca\/International\/wp-json\/"}],"wp:attachment":[{"href":"https:\/\/linitiative.ca\/International\/wp-json\/wp\/v2\/media?parent=62123"}],"wp:term":[{"taxonomy":"category","embeddable":true,"href":"https:\/\/linitiative.ca\/International\/wp-json\/wp\/v2\/categories?post=62123"},{"taxonomy":"post_tag","embeddable":true,"href":"https:\/\/linitiative.ca\/International\/wp-json\/wp\/v2\/tags?post=62123"}],"curies":[{"name":"wp","href":"https:\/\/api.w.org\/{rel}","templated":true}]}}