{"id":62125,"date":"2019-09-23T15:38:42","date_gmt":"2019-09-23T19:38:42","guid":{"rendered":"https:\/\/linitiative.ca\/International\/g5-sahel-passons-aux-actions\/"},"modified":"2019-09-23T15:38:42","modified_gmt":"2019-09-23T19:38:42","slug":"g5-sahel-passons-aux-actions","status":"publish","type":"post","link":"https:\/\/linitiative.ca\/International\/g5-sahel-passons-aux-actions\/","title":{"rendered":"G5-Sahel\u00a0: Passons aux actions\u00a0!"},"content":{"rendered":"<p>La communaut\u00e9 \u00e9conomique des Etats de l\u2019Afrique de l\u2019Ouest (CEDEAO) veut-elle prendre les devants de la lutte contre le terrorisme dans la sous-r\u00e9gion? C\u2019est la question que se posent bon nombre de citoyens de l\u2019espace, depuis la d\u00e9cision des chefs d\u2019Etat d\u2019allouer une enveloppe d\u2019un milliard FCFA \u00e0 la lutte contre le ph\u00e9nom\u00e8ne au terme du Sommet extraordinaire, tenue le 14 septembre 2019 \u00e0 Ouagadougou. Cette contribution financi\u00e8re est destin\u00e9e \u00e0 la mise en \u0153uvre d\u2019un plan d\u2019actions quinquennal, dont l\u2019objectif est de renforcer la lutte contre le terrorisme dans les pays du Sahel. Si ceux qui s\u2019interrogent sur une probable prise en main de la question s\u00e9curitaire en Afrique de l\u2019Ouest peuvent avoir raison au regard des conclusions de la rencontre, ils devraient cependant attendre le prochain Sommet ordinaire de l\u2019instance r\u00e9gionale pr\u00e9vu en d\u00e9cembre 2019 pour \u00eatre d\u00e9finitivement situ\u00e9s. Puisque c\u2019est \u00e0 cette occasion que les modalit\u00e9s du plan d\u2019actions prioritaires de cinq ans seront ent\u00e9rin\u00e9es par la Conf\u00e9rence des chefs d\u2019Etat. Toute chose qui inqui\u00e8te certains citoyens de l\u2019espace, notamment ceux des pays membres du G5-Sahel, qui ne cessent de subir les cons\u00e9quences des attaques des groupes djihadistes qui \u00e9cument la r\u00e9gion. Leur inqui\u00e9tude est justifi\u00e9e, vu la d\u00e9gradation de la situation s\u00e9curitaire dans leurs pays respectifs (Burkina Faso, Mali, Mauritanie, Niger et Tchad) et surtout le drame humanitaire provoqu\u00e9 par les d\u00e9placements massifs de populations. Ces d\u00e9plac\u00e9s fuyant les horreurs des attaques terroristes se retrouvent dans des camps cr\u00e9\u00e9s pour la circonstance ou au pire des cas, dans des habitats pr\u00e9caires \u00e9rig\u00e9s par les int\u00e9ress\u00e9s eux-m\u00eames. C\u2019est certainement cette r\u00e9alit\u00e9 qui a fait dire \u00e0 certains analystes que pendant que nous multiplions les rencontres, les fili\u00e8res djihadistes gagnent progressivement du terrain, amenant des populations \u00e0 la fuite. A analyser les propos de ces sp\u00e9cialistes en questions s\u00e9curitaires, il est plus que jamais urgent pour nos Etats de passer du discours \u00e0 l\u2019\u00e9tape des actions concr\u00e8tes sur le terrain. Et cela doit commencer n\u00e9cessairement par une v\u00e9ritable mutualisation des moyens de lutte, quand on conna\u00eet les maigres ressources de nos pays. Depuis la cr\u00e9ation du G5-Sahel, sa force conjointe peine \u00e0 se d\u00e9ployer v\u00e9ritablement sur le terrain, du fait d\u2019un manque de moyens qui ne permet pas d\u2019engager des op\u00e9rations permanentes jug\u00e9es tr\u00e8s co\u00fbteuses par la coordination des Etats-majors des pays membres. Certaines sources font \u00e9tat de plus de 2000 attaques terroristes enregistr\u00e9es ces cinq derni\u00e8res ann\u00e9es en Afrique de l\u2019Ouest. Ce qui a co\u00fbt\u00e9 la vie \u00e0 environ 11500 personnes. Les dirigeants du G5-Sahel avec \u00e0 la t\u00eate, le pr\u00e9sident en exercice, le chef de l\u2019Etat burkinab\u00e8, Roch Marc Christian Kabor\u00e9, ont appel\u00e9 de tous leurs v\u0153ux, \u00e0 l\u2019inscription de l\u2019Arm\u00e9e conjointe sous le chapitre n\u00b07 des Nations unies en vue de lui conf\u00e9rer un statut et un mandat plus robuste. Malheureusement ce plaidoyer qui allait permettre du m\u00eame coup de r\u00e9soudre la question du financement semble passer difficilement aupr\u00e8s de certaines chancelleries influentes. Le sommet extraordinaire de la CEDAO s\u2019est pench\u00e9 sur la question des ressources en vue de l\u2019op\u00e9rationnalisation rapide de la force conjointe. Ce qui est une alternative salutaire face \u00e0 l\u2019attitude de la communaut\u00e9 internationale qui tarde \u00e0 r\u00e9pondre \u00e0 l\u2019appel des dirigeants du G5-Sahel. Au regard des difficult\u00e9s rencontr\u00e9es, il n\u2019est pas exclu qu\u2019on se retrouve avec une arm\u00e9e \u00e9largie \u00e0 tous les 15 pays de la CEDEAO qui engloutirait celle du G5-Sahel. Mais faut-il encore que les Etats tiennent leurs promesses de financements\u00a0!<\/p>\n<p>Beyon Romain NEBIE<br \/>nbeyonromainj@yahoo.fr<\/p>\n<div class=\"td-a-rec td-a-rec-id-content_bottom td_uid_30_5d893ca70ff4c_rand td_block_template_1\"><img loading=\"lazy\" decoding=\"async\" class=\"aligncenter size-full wp-image-9623\" src=\"https:\/\/www.sidwaya.info\/wp-content\/uploads\/2019\/06\/Projet-bannie%CC%80re-Orange-mobile.jpg\" alt=\"\" width=\"728\" height=\"81\"\/><\/div>\n<p>Auteur: BM. Sidwaya<br \/>\n<a href=\"https:\/\/www.sidwaya.info\/blog\/2019\/09\/23\/g5-sahel-passons-aux-actions\/\">Cliquez ici pour lire l&rsquo;article depuis sa source.<\/a><\/p>\n","protected":false},"excerpt":{"rendered":"<p>La communaut\u00e9 \u00e9conomique des Etats de l\u2019Afrique de l\u2019Ouest (CEDEAO) veut-elle prendre les devants de la lutte contre le terrorisme dans la sous-r\u00e9gion? C\u2019est la question que se posent bon nombre de citoyens de l\u2019espace, depuis la d\u00e9cision des chefs d\u2019Etat d\u2019allouer une enveloppe d\u2019un milliard FCFA \u00e0 la lutte contre le ph\u00e9nom\u00e8ne au terme [&hellip;]<\/p>\n","protected":false},"author":1816,"featured_media":62126,"comment_status":"closed","ping_status":"closed","sticky":false,"template":"","format":"standard","meta":{"fifu_image_url":"","fifu_image_alt":"","footnotes":""},"categories":[73,81],"tags":[],"class_list":["post-62125","post","type-post","status-publish","format-standard","has-post-thumbnail","hentry","category-actualite","category-burkina-faso"],"_links":{"self":[{"href":"https:\/\/linitiative.ca\/International\/wp-json\/wp\/v2\/posts\/62125","targetHints":{"allow":["GET"]}}],"collection":[{"href":"https:\/\/linitiative.ca\/International\/wp-json\/wp\/v2\/posts"}],"about":[{"href":"https:\/\/linitiative.ca\/International\/wp-json\/wp\/v2\/types\/post"}],"author":[{"embeddable":true,"href":"https:\/\/linitiative.ca\/International\/wp-json\/wp\/v2\/users\/1816"}],"replies":[{"embeddable":true,"href":"https:\/\/linitiative.ca\/International\/wp-json\/wp\/v2\/comments?post=62125"}],"version-history":[{"count":0,"href":"https:\/\/linitiative.ca\/International\/wp-json\/wp\/v2\/posts\/62125\/revisions"}],"wp:featuredmedia":[{"embeddable":true,"href":"https:\/\/linitiative.ca\/International\/wp-json\/"}],"wp:attachment":[{"href":"https:\/\/linitiative.ca\/International\/wp-json\/wp\/v2\/media?parent=62125"}],"wp:term":[{"taxonomy":"category","embeddable":true,"href":"https:\/\/linitiative.ca\/International\/wp-json\/wp\/v2\/categories?post=62125"},{"taxonomy":"post_tag","embeddable":true,"href":"https:\/\/linitiative.ca\/International\/wp-json\/wp\/v2\/tags?post=62125"}],"curies":[{"name":"wp","href":"https:\/\/api.w.org\/{rel}","templated":true}]}}