{"id":62133,"date":"2019-09-23T15:18:03","date_gmt":"2019-09-23T19:18:03","guid":{"rendered":"https:\/\/linitiative.ca\/International\/mali-une-mine-explose-dans-une-salle-de-classe\/"},"modified":"2019-09-23T15:18:03","modified_gmt":"2019-09-23T19:18:03","slug":"mali-une-mine-explose-dans-une-salle-de-classe","status":"publish","type":"post","link":"https:\/\/linitiative.ca\/International\/mali-une-mine-explose-dans-une-salle-de-classe\/","title":{"rendered":"Mali : une mine explose dans une salle de classe"},"content":{"rendered":"<div readability=\"32\">\n<p>Publi\u00e9 le 23.09.2019 \u00e0 20h18 par APA News<\/p>\n<\/div>\n<div readability=\"52\">\n<p>Une mine a explos\u00e9, dans la nuit de samedi \u00e0 dimanche, dans une salle de classe \u00e0 Diougani dans le cercle de Koro (r\u00e9gion de Mopti), a appris APA lundi de source s\u00e9curitaire.\u00ab La mine visait des forces arm\u00e9es maliennes qui depuis un moment s\u00e9journent dans ces salles de classe \u00bb, a confi\u00e9 \u00e0 APA un responsable de la cellule de communication de l\u2019arm\u00e9e malienne.<\/p>\n<p>\u00ab C\u2019est tr\u00e8s tard dans la nuit que le bruit de la d\u00e9flagration a ameut\u00e9 tout le village. Il n\u2019y a heureusement pas eu de perte en vie humaine, mais la salle de classe a \u00e9t\u00e9 compl\u00e9tement d\u00e9truite par l\u2019explosion \u00bb, a ajout\u00e9 notre source.<\/p>\n<p>Cette explosion est intervenue \u00e0 la veille de la c\u00e9l\u00e9bration du 59\u00e8me anniversaire de l\u2019ind\u00e9pendance du Mali. Elle est survenue aussi \u00e0 la veille de la rentr\u00e9e scolaire pr\u00e9vue pour le 2 octobre 2019.<\/p>\n<p>Les autorit\u00e9s ont annonc\u00e9 l\u2019ouverture d\u2019une enqu\u00eate pour conna\u00eetre les auteurs de cet acte qui a \u00e9t\u00e9 vivement condamn\u00e9 par les autorit\u00e9s locales.<\/p>\n<\/div>\n<p>Auteur: APA News<br \/>\n<a href=\"https:\/\/www.journalducameroun.com\/mali-une-mine-explose-dans-une-salle-de-classe\/\">Cliquez ici pour lire l&rsquo;article depuis sa source.<\/a><\/p>\n","protected":false},"excerpt":{"rendered":"<p>Publi\u00e9 le 23.09.2019 \u00e0 20h18 par APA News Une mine a explos\u00e9, dans la nuit de samedi \u00e0 dimanche, dans une salle de classe \u00e0 Diougani dans le cercle de Koro (r\u00e9gion de Mopti), a appris APA lundi de source s\u00e9curitaire.\u00ab La mine visait des forces arm\u00e9es maliennes qui depuis un moment s\u00e9journent dans ces [&hellip;]<\/p>\n","protected":false},"author":1965,"featured_media":0,"comment_status":"closed","ping_status":"closed","sticky":false,"template":"","format":"standard","meta":{"fifu_image_url":"","fifu_image_alt":"","footnotes":""},"categories":[73,82],"tags":[],"class_list":["post-62133","post","type-post","status-publish","format-standard","hentry","category-actualite","category-cameroun"],"_links":{"self":[{"href":"https:\/\/linitiative.ca\/International\/wp-json\/wp\/v2\/posts\/62133","targetHints":{"allow":["GET"]}}],"collection":[{"href":"https:\/\/linitiative.ca\/International\/wp-json\/wp\/v2\/posts"}],"about":[{"href":"https:\/\/linitiative.ca\/International\/wp-json\/wp\/v2\/types\/post"}],"author":[{"embeddable":true,"href":"https:\/\/linitiative.ca\/International\/wp-json\/wp\/v2\/users\/1965"}],"replies":[{"embeddable":true,"href":"https:\/\/linitiative.ca\/International\/wp-json\/wp\/v2\/comments?post=62133"}],"version-history":[{"count":0,"href":"https:\/\/linitiative.ca\/International\/wp-json\/wp\/v2\/posts\/62133\/revisions"}],"wp:attachment":[{"href":"https:\/\/linitiative.ca\/International\/wp-json\/wp\/v2\/media?parent=62133"}],"wp:term":[{"taxonomy":"category","embeddable":true,"href":"https:\/\/linitiative.ca\/International\/wp-json\/wp\/v2\/categories?post=62133"},{"taxonomy":"post_tag","embeddable":true,"href":"https:\/\/linitiative.ca\/International\/wp-json\/wp\/v2\/tags?post=62133"}],"curies":[{"name":"wp","href":"https:\/\/api.w.org\/{rel}","templated":true}]}}