{"id":62142,"date":"2019-09-24T07:27:18","date_gmt":"2019-09-24T11:27:18","guid":{"rendered":"https:\/\/linitiative.ca\/International\/vie-estudiantine-une-caravane-dintegration-pour-les-etudiants-de-lum5\/"},"modified":"2019-09-24T07:27:18","modified_gmt":"2019-09-24T11:27:18","slug":"vie-estudiantine-une-caravane-dintegration-pour-les-etudiants-de-lum5","status":"publish","type":"post","link":"https:\/\/linitiative.ca\/International\/vie-estudiantine-une-caravane-dintegration-pour-les-etudiants-de-lum5\/","title":{"rendered":"Vie estudiantine : Une caravane d\u2019int\u00e9gration pour les \u00e9tudiants de l\u2019UM5"},"content":{"rendered":"<header readability=\"1.34905660377\">\n<div class=\"entry-post-meta\" readability=\"6.47619047619\">\n<div class=\"author-link\">Publi\u00e9 par <a itemprop=\"author\" itemscope=\"\" itemtype=\"https:\/\/schema.org\/Person\" href=\"http:\/\/aujourdhui.ma\/profile\/kaid\" rel=\"author\"><span itemprop=\"name\">ALM<\/span><\/a><\/div>\n<p>Date\u00a0:<time content=\"2019-09-24T12:27:18+00:00\" class=\"entry-date updated\" datetime=\"2019-09-24T12:27:18+00:00\">septembre 24, 2019<\/time><\/p>\n<div class=\"entry-cat\">dans:<a href=\"http:\/\/aujourdhui.ma\/category\/emploi\/formation\" rel=\"category tag\">Formation<\/a><\/div>\n<p>0 Vues<\/p>\n<\/div>\n<\/header>\n<div class=\"entry-content clearfix\" readability=\"48\"><img decoding=\"async\" class=\"post_layout_5_img\" src=\"http:\/\/aujourdhui.ma\/wp-content\/uploads\/2018\/08\/Universite-Mohammed-V-de-Rabat.jpg?x29840\" alt=\"Vie estudiantine : Une caravane d\u2019int\u00e9gration pour les \u00e9tudiants de l\u2019UM5\"\/><\/p>\n<p class=\"p1\"><span class=\"s1\"><span class=\"c4\"><strong>L\u2019Universit\u00e9 Mohammed V de Rabat organise depuis le 17 septembre dernier un tour des \u00e9tablissements de formation reli\u00e9s \u00e0 sa structure.<\/strong><\/span><\/span> <span id=\"more-318575\"\/><\/p>\n<p class=\"p1\"><span class=\"s1\">L\u2019objectif \u00e9tant de souhaiter aux \u00e9tudiants la bienvenue et surtout nourrir leur sentiment d\u2019appartenance. Cette initiative est d\u00e9velopp\u00e9e dans le cadre des activit\u00e9s sociales et culturelles de l\u2019universit\u00e9. L\u2019inauguration officielle s\u2019est d\u00e9roul\u00e9e, le premier jour, \u00e0 partir de l\u2019Ecole normale sup\u00e9rieure de l\u2019enseignement technique (ENSET), en pr\u00e9sence d\u2019acad\u00e9miciens et \u00e9tudiants.<\/span><\/p>\n<p class=\"p1\"><span class=\"s1\">La caravane a \u00e9t\u00e9 \u00e9galement enrichie de plusieurs stands exposant les ressources scientifiques, culturelles, artistiques, sportives, sociales et humaines dont dispose ladite universit\u00e9.<\/span><\/p>\n<\/div>\n<p>Auteur: ALM<br \/>\n<a href=\"http:\/\/aujourdhui.ma\/emploi\/formation\/vie-estudiantine-une-caravane-dintegration-pour-les-etudiants-de-lum5\">Cliquez ici pour lire l&rsquo;article depuis sa source.<\/a><\/p>\n","protected":false},"excerpt":{"rendered":"<p>Publi\u00e9 par ALM Date\u00a0:septembre 24, 2019 dans:Formation 0 Vues L\u2019Universit\u00e9 Mohammed V de Rabat organise depuis le 17 septembre dernier un tour des \u00e9tablissements de formation reli\u00e9s \u00e0 sa structure. L\u2019objectif \u00e9tant de souhaiter aux \u00e9tudiants la bienvenue et surtout nourrir leur sentiment d\u2019appartenance. Cette initiative est d\u00e9velopp\u00e9e dans le cadre des activit\u00e9s sociales et [&hellip;]<\/p>\n","protected":false},"author":1759,"featured_media":0,"comment_status":"closed","ping_status":"closed","sticky":false,"template":"","format":"standard","meta":{"fifu_image_url":"","fifu_image_alt":"","footnotes":""},"categories":[73,54],"tags":[],"class_list":["post-62142","post","type-post","status-publish","format-standard","hentry","category-actualite","category-maroc"],"_links":{"self":[{"href":"https:\/\/linitiative.ca\/International\/wp-json\/wp\/v2\/posts\/62142","targetHints":{"allow":["GET"]}}],"collection":[{"href":"https:\/\/linitiative.ca\/International\/wp-json\/wp\/v2\/posts"}],"about":[{"href":"https:\/\/linitiative.ca\/International\/wp-json\/wp\/v2\/types\/post"}],"author":[{"embeddable":true,"href":"https:\/\/linitiative.ca\/International\/wp-json\/wp\/v2\/users\/1759"}],"replies":[{"embeddable":true,"href":"https:\/\/linitiative.ca\/International\/wp-json\/wp\/v2\/comments?post=62142"}],"version-history":[{"count":0,"href":"https:\/\/linitiative.ca\/International\/wp-json\/wp\/v2\/posts\/62142\/revisions"}],"wp:attachment":[{"href":"https:\/\/linitiative.ca\/International\/wp-json\/wp\/v2\/media?parent=62142"}],"wp:term":[{"taxonomy":"category","embeddable":true,"href":"https:\/\/linitiative.ca\/International\/wp-json\/wp\/v2\/categories?post=62142"},{"taxonomy":"post_tag","embeddable":true,"href":"https:\/\/linitiative.ca\/International\/wp-json\/wp\/v2\/tags?post=62142"}],"curies":[{"name":"wp","href":"https:\/\/api.w.org\/{rel}","templated":true}]}}