{"id":62143,"date":"2019-09-24T08:00:51","date_gmt":"2019-09-24T12:00:51","guid":{"rendered":"https:\/\/linitiative.ca\/International\/lart-contemporain-en-fete-a-rabat\/"},"modified":"2019-09-24T08:00:51","modified_gmt":"2019-09-24T12:00:51","slug":"lart-contemporain-en-fete-a-rabat","status":"publish","type":"post","link":"https:\/\/linitiative.ca\/International\/lart-contemporain-en-fete-a-rabat\/","title":{"rendered":"L\u2019art contemporain en f\u00eate \u00e0 Rabat"},"content":{"rendered":"<p><img decoding=\"async\" class=\"post_layout_5_img\" src=\"http:\/\/aujourdhui.ma\/wp-content\/uploads\/2019\/09\/Mehdi-Qotbi-Ouverture-de-la-premie%CC%80re-Biennale-internationale-Muse%CC%81e-Mohammed-VI-de-Rabat.jpg?x29840\" alt=\"L\u2019art contemporain en f\u00eate \u00e0 Rabat\"\/><\/p>\n<p class=\"p1\"><span class=\"s1 c4\"><strong>Ouverture de la premi\u00e8re Biennale internationale qui lui est d\u00e9di\u00e9e<\/strong><\/span><span id=\"more-318572\"\/><\/p>\n<div class=\"base-box mom_box_sc_custom mom_box_sc clear c5\" readability=\"11\">\n<p class=\"p1\"><strong><span class=\"s1\"><em>La Biennale ouvre une r\u00e9flexion sur l\u2019urgence de la cr\u00e9ation en examinant les raisons, les r\u00e9voltes, les moments d\u00e9cisifs qui poussent les artistes \u00e0 passer \u00e0 l\u2019action et \u00e0 contribuer\u00a0<\/em><\/span><span class=\"s1\"><em>\u00e0 l\u2019histoire.<\/em><\/span><\/strong><\/p>\n<\/div>\n<p class=\"p1\"><span class=\"s1\">La premi\u00e8re Biennale internationale d\u2019art contemporain de Rabat a \u00e9t\u00e9 inaugur\u00e9e hier au Mus\u00e9e Mohammed VI de Rabat. Cette manifestation in\u00e9dite se tient jusqu\u2019au 18 d\u00e9cembre 2019, dans plusieurs lieux de la capitale. Port\u00e9e par la Fondation nationale des mus\u00e9es (FNM) en partenariat avec le minist\u00e8re de la culture et d\u2019autres institutions, elle se voit en effet une occasion de r\u00e9unir des artistes, acad\u00e9miciens, historiens d\u2019art et cin\u00e9astes venant de diff\u00e9rents coins du monde autour du th\u00e8me \u00abUn instant avant le monde\u00bb. \u00abCet \u00e9v\u00e9nement d\u2019envergure internationale traduit la volont\u00e9 de Sa Majest\u00e9 le Roi Mohammed VI de donner un nouvel \u00e9lan \u00e0 la fois \u00e0 l\u2019art contemporain et \u00e0 Rabat, capitale de la culture et patrimoine Unesco.<\/span><\/p>\n<p class=\"p1\"><span class=\"s1\">La ville se transforme gr\u00e2ce \u00e0 cette Biennale \u00e0 une galerie \u00e0 ciel ouvert gr\u00e2ce \u00e0 une programmation riche et multidisciplinaire\u00bb, a soulign\u00e9 \u00e0 ce sujet Mehdi Qotbi, pr\u00e9sident de la Fondation nationale des mus\u00e9es, lors de l\u2019ouverture de la biennale. En ajoutant que \u00absa fondation a mobilis\u00e9 ses \u00e9quipes et a mis en place un dispositif logistique de haut niveau pour que ce rendez-vous tienne ses promesses\u00bb. Pour sa part, Abdelaziz El Idrissi, directeur du Mus\u00e9e Mohammed VI de Rabat, a indiqu\u00e9 que \u00abcet \u00e9v\u00e9nement est organis\u00e9 gr\u00e2ce \u00e0 nos partenaires et gr\u00e2ce \u00e0 une expertise. Il a n\u00e9cessit\u00e9 un travail qui a dur\u00e9 un an et demi pour pouvoir r\u00e9unir des artistes issus de 27 pays\u00bb. M. Idrissi n\u2019a pas manqu\u00e9 de mentionner que la Biennale sera une occasion d\u2019inaugurer plusieurs espaces culturels dont notamment le Mus\u00e9e de la photo. Con\u00e7ue par l\u2019historien d\u2019art et philosophe Abdelkader Damani, commissaire g\u00e9n\u00e9ral invit\u00e9, la Biennale ouvre une r\u00e9flexion sur l\u2019urgence de la cr\u00e9ation en examinant les raisons, les r\u00e9voltes, les moments d\u00e9cisifs qui poussent les artistes \u00e0 passer \u00e0 l\u2019action et \u00e0 contribuer \u00e0 l\u2019histoire. \u00abJe n\u2019inviterai que des artistes femmes avec l\u2019espoir que cette nouvelle institution demeure fid\u00e8le \u00e0 son moment fondateur. Il ne s\u2019agit pas d\u2019une Biennale dont le sujet est la femme pas plus qu\u2019un hymne \u00e0 un art qui serait f\u00e9minin.<\/span> <span class=\"s2\"><em>L\u2019ambition est, je l\u2019esp\u00e8re, l\u2019endroit pour proposer une alternative : non plus changer le monde, le transformer ou le pervertir mais prendre la d\u00e9cision d\u2019en \u00e9crire un nouveau\u00bb<\/em>, a attest\u00e9 M. Damani.<\/span><\/p>\n<p><a href=\"http:\/\/aujourdhui.ma\/wp-content\/uploads\/2019\/09\/Tapis-Muse%CC%81e-Mohammed-VI-de-Rabat.jpg?x29840\"><img loading=\"lazy\" decoding=\"async\" class=\"size-full wp-image-318578 aligncenter\" src=\"http:\/\/aujourdhui.ma\/wp-content\/uploads\/2019\/09\/Tapis-Muse%CC%81e-Mohammed-VI-de-Rabat.jpg?x29840\" alt=\"\" width=\"746\" height=\"380\" srcset=\"http:\/\/aujourdhui.ma\/wp-content\/uploads\/2019\/09\/Tapis-Muse\u0301e-Mohammed-VI-de-Rabat.jpg 746w, http:\/\/aujourdhui.ma\/wp-content\/uploads\/2019\/09\/Tapis-Muse\u0301e-Mohammed-VI-de-Rabat-300x153.jpg 300w\" sizes=\"auto, (max-width: 746px) 100vw, 746px\"\/><\/a><\/p>\n<p class=\"p3\"><strong>Le Mus\u00e9e Mohammed VI de Rabat\u00a0<\/strong><strong>en \u00e9bullition<\/strong><\/p>\n<p class=\"p1\"><span class=\"s1\">L\u2019\u00e9v\u00e8nement donne \u00e0 voir une exposition internationale d\u00e9di\u00e9e aux artistes femmes. Elle est r\u00e9partie dans plusieurs lieux de la capitale dont le Mus\u00e9e Mohammed VI de Rabat. Ainsi chaque artiste pr\u00e9sente une r\u00e9flexion autour du th\u00e8me de la Biennale au moyen d\u2019une ou plusieurs \u0153uvres. Parmi les cr\u00e9ations \u00e0 ne pas manquer, celle de Majida Khettrai. Cette artiste laur\u00e9ate de l\u2019\u00e9cole des beaux-arts de Casablanca a con\u00e7u \u00abAlmahd\u00bb, une installation performance dont la signification \u00e9sot\u00e9rique \u00e9voque l\u2019esprit divin. L\u2019artiste invite en effet le spectateur \u00e0 vivre une exp\u00e9rience auditive visuelle dans laquelle \u00e9merge un mouvement original. Outre cette \u0153uvre, le public est invit\u00e9 \u00e0 distinguer l\u2019\u0153uvre d\u2019Amina Agueznay. Cette architecte de formation propose une \u0153uvre en deux actes juxtaposant la plasticit\u00e9 monumentale du tissage et le pouvoir fictionnel des mots.<\/span><\/p>\n<p class=\"p3\"><span class=\"s3\"><strong>Carte blanche \u00e0 Mohamed El Baz<\/strong><\/span><\/p>\n<p class=\"p1\"><span class=\"s1\">Pour sa carte blanche, l\u2019artiste Mohamed El Baz convie 6 artistes de la jeune sc\u00e8ne marocaine, \u00e0 savoir Said Afifi, M\u2019barek Bouhchichi, Safaa Erruas, Maria Kari, Youssef Ouchra et Ilias Selfati \u00e0 investir les cimaises du mus\u00e9e, en pla\u00e7ant l\u2019exposition sous le signe de la for\u00eat. Il faut dire que Mohammed El Baz invite le public \u00e0 r\u00e9fl\u00e9chir \u00e0 la gen\u00e8se des \u0153uvres d\u2019art ainsi qu\u2019aux nombreux myst\u00e8res du processus cr\u00e9atif. Entre souvenirs enchant\u00e9s de l\u2019enfance, m\u00e9moire des morts, apparitions quasi surnaturelles ou nouvelles coordonn\u00e9es d\u2019un espace-temps<span class=\"Apple-converted-space\">\u00a0<\/span> devenu insaisissable, chacun des artistes pr\u00e9sente sa vision d\u2019un monde ind\u00e9chiffrable.<\/span><\/p>\n<p>Auteur: Siham Jadraoui<br \/>\n<a href=\"http:\/\/aujourdhui.ma\/culture\/lart-contemporain-en-fete-a-rabat\">Cliquez ici pour lire l&rsquo;article depuis sa source.<\/a><\/p>\n","protected":false},"excerpt":{"rendered":"<p>Ouverture de la premi\u00e8re Biennale internationale qui lui est d\u00e9di\u00e9e La Biennale ouvre une r\u00e9flexion sur l\u2019urgence de la cr\u00e9ation en examinant les raisons, les r\u00e9voltes, les moments d\u00e9cisifs qui poussent les artistes \u00e0 passer \u00e0 l\u2019action et \u00e0 contribuer\u00a0\u00e0 l\u2019histoire. La premi\u00e8re Biennale internationale d\u2019art contemporain de Rabat a \u00e9t\u00e9 inaugur\u00e9e hier au Mus\u00e9e [&hellip;]<\/p>\n","protected":false},"author":1759,"featured_media":0,"comment_status":"closed","ping_status":"closed","sticky":false,"template":"","format":"standard","meta":{"fifu_image_url":"","fifu_image_alt":"","footnotes":""},"categories":[73,54],"tags":[],"class_list":["post-62143","post","type-post","status-publish","format-standard","hentry","category-actualite","category-maroc"],"_links":{"self":[{"href":"https:\/\/linitiative.ca\/International\/wp-json\/wp\/v2\/posts\/62143","targetHints":{"allow":["GET"]}}],"collection":[{"href":"https:\/\/linitiative.ca\/International\/wp-json\/wp\/v2\/posts"}],"about":[{"href":"https:\/\/linitiative.ca\/International\/wp-json\/wp\/v2\/types\/post"}],"author":[{"embeddable":true,"href":"https:\/\/linitiative.ca\/International\/wp-json\/wp\/v2\/users\/1759"}],"replies":[{"embeddable":true,"href":"https:\/\/linitiative.ca\/International\/wp-json\/wp\/v2\/comments?post=62143"}],"version-history":[{"count":0,"href":"https:\/\/linitiative.ca\/International\/wp-json\/wp\/v2\/posts\/62143\/revisions"}],"wp:attachment":[{"href":"https:\/\/linitiative.ca\/International\/wp-json\/wp\/v2\/media?parent=62143"}],"wp:term":[{"taxonomy":"category","embeddable":true,"href":"https:\/\/linitiative.ca\/International\/wp-json\/wp\/v2\/categories?post=62143"},{"taxonomy":"post_tag","embeddable":true,"href":"https:\/\/linitiative.ca\/International\/wp-json\/wp\/v2\/tags?post=62143"}],"curies":[{"name":"wp","href":"https:\/\/api.w.org\/{rel}","templated":true}]}}