{"id":62144,"date":"2019-09-24T09:00:43","date_gmt":"2019-09-24T13:00:43","guid":{"rendered":"https:\/\/linitiative.ca\/International\/production-industrielle-la-reprise-attendue-au-troisieme-trimestre\/"},"modified":"2019-09-24T09:00:43","modified_gmt":"2019-09-24T13:00:43","slug":"production-industrielle-la-reprise-attendue-au-troisieme-trimestre","status":"publish","type":"post","link":"https:\/\/linitiative.ca\/International\/production-industrielle-la-reprise-attendue-au-troisieme-trimestre\/","title":{"rendered":"Production industrielle : La reprise attendue au troisi\u00e8me trimestre"},"content":{"rendered":"<p><img decoding=\"async\" class=\"post_layout_5_img\" src=\"http:\/\/aujourdhui.ma\/wp-content\/uploads\/2019\/09\/Production-industrielle-industrie.jpg?x29840\" alt=\"Production industrielle : La reprise attendue au troisi\u00e8me trimestre\"\/><\/p>\n<p class=\"p1\"><span class=\"c4\"><strong><span class=\"s1\"><em>La production \u00e9nerg\u00e9tique devrait se consolider au troisi\u00e8me trimestre, et ce apr\u00e8s une baisse observ\u00e9e le trimestre pr\u00e9c\u00e9dent. Une am\u00e9lioration qui devrait \u00eatre tir\u00e9e par la hausse de la production et distribution d\u2019\u00e9lectricit\u00e9, de gaz, de vapeur\u00a0<\/em><\/span><span class=\"s1\"><em>et d\u2019air conditionn\u00e9.<\/em><\/span><\/strong><\/span><span id=\"more-318552\"\/><\/p>\n<p class=\"p1\"><span class=\"s1\">Des anticipations positives sont formul\u00e9e par les industriels ayant pris part \u00e0 l\u2019enqu\u00eate trimestrielles de conjoncture du Haut-Commissariat au Plan (HCP). Les chefs d\u2019entreprises r\u00e9pondant \u00e0 cette enqu\u00eate s\u2019attendent \u00e0 une hausse de leur production au troisi\u00e8me trimestre de l\u2019ann\u00e9e. Une pr\u00e9vision qui s\u2019inscrit sur la m\u00eame lign\u00e9e de ce qui s\u2019est produit durant le deuxi\u00e8me trimestre 2019 marqu\u00e9 par une am\u00e9lioration de la production de l\u2019industrie manufacturi\u00e8re.<\/span><\/p>\n<p class=\"p1\"><span class=\"s1\">En effet, le taux d\u2019utilisation des capacit\u00e9s de production dans l\u2019industrie manufacturi\u00e8re se serait \u00e9tabli \u00e0 79% au deuxi\u00e8me trimestre de l\u2019ann\u00e9e. La hausse attendue pour les trois prochains mois s\u2019expliquerait par une reprise de l\u2019activit\u00e9 de l\u2019industrie chimique, de la fabrication de produits \u00e0 base de tabac au moment o\u00f9 la production de l\u2019industrie automobile et de la branche m\u00e9tallurgie devrait conna\u00eetre une diminution sur ladite p\u00e9riode. Pour ce qui est de l\u2019emploi, les industriels s\u2019attendent \u00e0 une stabilit\u00e9 des effectifs employ\u00e9s. Une am\u00e9lioration de la production est \u00e9galement pr\u00e9vue au niveau de l\u2019industrie extractive.<\/span><\/p>\n<p class=\"p1\"><span class=\"s1\">Une \u00e9volution qui serait imputable, selon le HCP, \u00e0 une hausse de la production des phosphates. En revanche, les effectifs employ\u00e9s devraient, selon les anticipations des professionnels, conna\u00eetre un repli au troisi\u00e8me trimestre de l\u2019ann\u00e9e. Cette branche industrielle a vu son carnet de commandes se situer \u00e0 un niveau normal au deuxi\u00e8me trimestre avec un taux d\u2019utilisation de capacit\u00e9 de 75%. La production \u00e9nerg\u00e9tique devrait \u00e9galement se consolider au troisi\u00e8me trimestre, et ce apr\u00e8s une baisse observ\u00e9e le trimestre pr\u00e9c\u00e9dent. Une am\u00e9lioration qui devrait \u00eatre tir\u00e9e par la hausse de la production et distribution d\u2019\u00e9lectricit\u00e9, de gaz, de vapeur et d\u2019air conditionn\u00e9. Les anticipations des patrons portent \u00e9galement sur une progression des effectifs employ\u00e9s.<\/span><\/p>\n<p class=\"p1\"><span class=\"s1\">La production devrait par ailleurs augmenter au niveau de l\u2019industrie environnementale, notamment dans les activit\u00e9s du captage, traitement et distribution d\u2019eau. En ce qui concerne le secteur de la construction, les chefs d\u2019entreprises s\u2019attendent \u00e0 une augmentation de l\u2019activit\u00e9, accompagn\u00e9e par une stabilit\u00e9 des effectifs employ\u00e9s. Se r\u00e9f\u00e9rant \u00e0 l\u2019enqu\u00eate du HCP, cette \u00e9volution r\u00e9sulterait de la hausse d\u2019activit\u00e9 pr\u00e9vue au niveau des branches du \u00abG\u00e9nie civil\u00bb et de la construction de b\u00e2timents.<\/span><\/p>\n<p class=\"p1\"><span class=\"s1\">Il est \u00e0 noter qu\u2019au deuxi\u00e8me trimestre, l\u2019activit\u00e9 du secteur de la construction a connu une stabilit\u00e9 et ce suite \u00e0 la hausse de l\u2019activit\u00e9 du g\u00e9nie civil et la stabilit\u00e9 de l\u2019activit\u00e9 des branches de la construction de b\u00e2timent et des travaux de construction sp\u00e9cialis\u00e9s. Les carnets de commandes dans le secteur se sont pour leur part situ\u00e9s \u00e0 un niveau normal au moment o\u00f9 l\u2019emploi se serait stabilis\u00e9.<\/span><\/p>\n<p class=\"p1\"><span class=\"s1\">Le HCP r\u00e9v\u00e8le dans son enqu\u00eate que le taux d\u2019utilisation de capacit\u00e9 dans le secteur de la construction se serait \u00e9tabli \u00e0 70% au deuxi\u00e8me trimestre 2019.<\/span><\/p>\n<p>Auteur: ALM<br \/>\n<a href=\"http:\/\/aujourdhui.ma\/economie\/production-industrielle-la-reprise-attendue-au-troisieme-trimestre\">Cliquez ici pour lire l&rsquo;article depuis sa source.<\/a><\/p>\n","protected":false},"excerpt":{"rendered":"<p>La production \u00e9nerg\u00e9tique devrait se consolider au troisi\u00e8me trimestre, et ce apr\u00e8s une baisse observ\u00e9e le trimestre pr\u00e9c\u00e9dent. Une am\u00e9lioration qui devrait \u00eatre tir\u00e9e par la hausse de la production et distribution d\u2019\u00e9lectricit\u00e9, de gaz, de vapeur\u00a0et d\u2019air conditionn\u00e9. Des anticipations positives sont formul\u00e9e par les industriels ayant pris part \u00e0 l\u2019enqu\u00eate trimestrielles de conjoncture [&hellip;]<\/p>\n","protected":false},"author":1759,"featured_media":0,"comment_status":"closed","ping_status":"closed","sticky":false,"template":"","format":"standard","meta":{"fifu_image_url":"","fifu_image_alt":"","footnotes":""},"categories":[73,54],"tags":[],"class_list":["post-62144","post","type-post","status-publish","format-standard","hentry","category-actualite","category-maroc"],"_links":{"self":[{"href":"https:\/\/linitiative.ca\/International\/wp-json\/wp\/v2\/posts\/62144","targetHints":{"allow":["GET"]}}],"collection":[{"href":"https:\/\/linitiative.ca\/International\/wp-json\/wp\/v2\/posts"}],"about":[{"href":"https:\/\/linitiative.ca\/International\/wp-json\/wp\/v2\/types\/post"}],"author":[{"embeddable":true,"href":"https:\/\/linitiative.ca\/International\/wp-json\/wp\/v2\/users\/1759"}],"replies":[{"embeddable":true,"href":"https:\/\/linitiative.ca\/International\/wp-json\/wp\/v2\/comments?post=62144"}],"version-history":[{"count":0,"href":"https:\/\/linitiative.ca\/International\/wp-json\/wp\/v2\/posts\/62144\/revisions"}],"wp:attachment":[{"href":"https:\/\/linitiative.ca\/International\/wp-json\/wp\/v2\/media?parent=62144"}],"wp:term":[{"taxonomy":"category","embeddable":true,"href":"https:\/\/linitiative.ca\/International\/wp-json\/wp\/v2\/categories?post=62144"},{"taxonomy":"post_tag","embeddable":true,"href":"https:\/\/linitiative.ca\/International\/wp-json\/wp\/v2\/tags?post=62144"}],"curies":[{"name":"wp","href":"https:\/\/api.w.org\/{rel}","templated":true}]}}