{"id":62145,"date":"2019-09-24T09:59:56","date_gmt":"2019-09-24T13:59:56","guid":{"rendered":"https:\/\/linitiative.ca\/International\/le-cndh-paracheve-ses-structures-et-approuve-sa-strategie\/"},"modified":"2019-09-24T09:59:56","modified_gmt":"2019-09-24T13:59:56","slug":"le-cndh-paracheve-ses-structures-et-approuve-sa-strategie","status":"publish","type":"post","link":"https:\/\/linitiative.ca\/International\/le-cndh-paracheve-ses-structures-et-approuve-sa-strategie\/","title":{"rendered":"Le CNDH parach\u00e8ve ses structures et approuve sa strat\u00e9gie"},"content":{"rendered":"<p><img decoding=\"async\" class=\"post_layout_5_img\" src=\"http:\/\/aujourdhui.ma\/wp-content\/uploads\/2019\/09\/Amina-Bouayach-pre%CC%81sidente-du-Conseil-national-des-droits-de-l%E2%80%99Homme-CNDH.jpg?x29840\" alt=\"Le CNDH parach\u00e8ve ses structures et approuve sa strat\u00e9gie\"\/><\/p>\n<p class=\"p1\"><span class=\"c4\"><strong><em>La premi\u00e8re session ordinaire du Conseil s\u2019est tenue le 21 septembre<\/em><\/strong><\/span> <span id=\"more-318568\"\/><\/p>\n<div class=\"base-box mom_box_sc_custom mom_box_sc clear c5\" readability=\"11\">\n<p class=\"p1\"><strong><span class=\"s1\"><em>L\u2019assembl\u00e9e g\u00e9n\u00e9rale a approuv\u00e9 les orientations strat\u00e9giques du Conseil. Celles-ci sont<span class=\"Apple-converted-space\">\u00a0<\/span> fond\u00e9es sur le principe de l\u2019effectivit\u00e9 des droits et \u00e0 travers lesquelles le CNDH se veut un m\u00e9canisme de recours efficace et accessible, un espace de d\u00e9bat visant \u00e0 promouvoir les questions pressantes en mati\u00e8re des droits humains.<\/em><\/span><\/strong><\/p>\n<\/div>\n<p class=\"p1\"><span class=\"s1\">L\u2019assembl\u00e9e g\u00e9n\u00e9rale du Conseil national des droits de l\u2019Homme (CNDH) a tenu sa premi\u00e8re session ordinaire le samedi 21 septembre \u00e0 Rabat. Lors de cette r\u00e9union, l\u2019assembl\u00e9e a approuv\u00e9 \u00e0 l\u2019unanimit\u00e9 le r\u00e8glement int\u00e9rieur, la strat\u00e9gie de l\u2019institution, son projet de budget au titre de l\u2019ann\u00e9e 2020 et a parachev\u00e9 ses structures. La c\u00e9r\u00e9monie d\u2019ouverture de cette premi\u00e8re session <span class=\"Apple-converted-space\">\u00a0<\/span> a \u00e9t\u00e9 marqu\u00e9e par la participation de Soyata Maiga, pr\u00e9sidente de la Commission africaine des droits de l\u2019Homme et des peuples (CADHP) de l\u2019Union africaine (UA). Le CNDH a parachev\u00e9 toutes ses structures. Ainsi les structures du CNDH comptent trois m\u00e9canismes nationaux et 5 commissions permanentes.<\/span><\/p>\n<p class=\"p1\"><span class=\"s1\">Pour ce qui est des m\u00e9canismes nationaux, il y a lieu de relever<span class=\"Apple-converted-space\">\u00a0<\/span> le m\u00e9canisme national de pr\u00e9vention de la torture ayant pour membres Aicha Naciri et Mustapha Raissouni (rapporteur) et Mohamed Benajiba en tant que coordinateur. Le m\u00e9canisme national de recours pour les enfants victimes de violation de leurs droits a pour coordinateur Abdelkarim Alaazani et pour membres<span class=\"Apple-converted-space\">\u00a0<\/span> Malika Benradi<span class=\"Apple-converted-space\">\u00a0<\/span> et<span class=\"Apple-converted-space\">\u00a0<\/span> Najoua Achergui.<\/span><\/p>\n<p class=\"p1\"><span class=\"s1\">Les membres du<span class=\"Apple-converted-space\">\u00a0<\/span> m\u00e9canisme national de protection des droits des personnes en situation de handicap sont<span class=\"Apple-converted-space\">\u00a0<\/span> Ajmiaa Haddad et Omar Bnitto<span class=\"Apple-converted-space\">\u00a0<\/span> ainsi que Zhour Lhorr en tant que coordinatrice. Pour ce qui est des commissions, la Commission permanente charg\u00e9e du monitoring et de la protection des droits de l\u2019Homme est compos\u00e9e de Saadia Wadah, Soulma Taoud, Fatima Aarach. Le rapporteur est Mahtat Rakas et le coordinateur est Ali Karimi. La Commission permanente charg\u00e9e de la promotion de la culture des droits de l\u2019Homme et de la consolidation de la construction d\u00e9mocratique a pour membres : Aziza Bekkali Kassimi, Mohammed Mustapha Laarissa, Brahim Laghzal et Driss Ben Ahmed Khalifa. La coordinatrice est Nezha Guessous et le rapporteur Zahira Fountir. La Commission permanente charg\u00e9e du d\u00e9veloppement des relations internationales, des partenariats et de la coop\u00e9ration a pour coordinatrice<span class=\"Apple-converted-space\">\u00a0<\/span> Amina El Messaoudi et <span class=\"Apple-converted-space\">\u00a0<\/span> Omar Oudra en tant que rapporteur. Les membres sont Houria Tazi Sadeq, Tawfik Berdiji, Mohammed Charef, Elie ElBaz.<\/span><\/p>\n<p class=\"p1\"><span class=\"s1\">Enfin, les membres de la<span class=\"Apple-converted-space\">\u00a0<\/span> Commission permanente charg\u00e9e de l\u2019\u00e9valuation et du suivi de l\u2019effectivit\u00e9 des droits de l\u2019Homme dans les politiques publiques et de l\u2019harmonisation des l\u00e9gislations sont<span class=\"Apple-converted-space\">\u00a0<\/span> Driss Sentissi, Mohamed El Bakir, Mohamed Amarti et Abderrahman Lemrani. Le coordinateur est Abdelhafid Edmino et le rapporteur Omar Adkhil. Par ailleurs, lors de cette premi\u00e8re session ordinaire, l\u2019assembl\u00e9e g\u00e9n\u00e9rale a approuv\u00e9 les orientations strat\u00e9giques du Conseil. Celles-ci sont<span class=\"Apple-converted-space\">\u00a0<\/span> fond\u00e9es sur le principe de l\u2019effectivit\u00e9 des droits et \u00e0 travers lesquelles le CNDH se veut un m\u00e9canisme de recours efficace et accessible, un espace de d\u00e9bat visant \u00e0 promouvoir les questions pressantes en mati\u00e8re des droits humains.<span class=\"Apple-converted-space\">\u00a0<\/span><\/span><\/p>\n<p class=\"p1\"><span class=\"s1\">Le CNDH est aussi un cadre pour l\u2019\u00e9laboration des mesures pr\u00e9ventives \u00e0 travers la m\u00e9diation et l\u2019intervention proactive en vue de pr\u00e9venir les violations des droits humains. Signalons que l\u2019assembl\u00e9e<span class=\"Apple-converted-space\">\u00a0<\/span> a \u00e9galement pris acte<span class=\"Apple-converted-space\">\u00a0<\/span> des axes et de la structure de trois rapports, \u00e0 savoir le rapport annuel au titre de l\u2019ann\u00e9e 2019, les deux rapports du CNDH sur les \u00e9v\u00e9nements d\u2019Al Hoceima et de Jerada, sur lesquels le Conseil continuera de travailler conform\u00e9ment \u00e0 sa loi et \u00e0 son r\u00e8glement int\u00e9rieur. En outre, le CNDH a examin\u00e9 <span class=\"Apple-converted-space\">\u00a0<\/span> le projet de loi n\u00b0 58-19 sur le \u00abPacte des droits de l\u2019enfant dans Islam\u00bb, qui, rappelons-le, avait<span class=\"Apple-converted-space\">\u00a0<\/span> \u00e9t\u00e9 pr\u00e9sent\u00e9 par le gouvernement le 22 ao\u00fbt 2019. Ainsi, le Conseil \u00e9laborera un avis consultatif sur la base d\u2019une auto-saisine.<\/span><\/p>\n<p>Auteur: Laila Zerrour<br \/>\n<a href=\"http:\/\/aujourdhui.ma\/societe\/le-cndh-paracheve-ses-structures-et-approuve-sa-strategie\">Cliquez ici pour lire l&rsquo;article depuis sa source.<\/a><\/p>\n","protected":false},"excerpt":{"rendered":"<p>La premi\u00e8re session ordinaire du Conseil s\u2019est tenue le 21 septembre L\u2019assembl\u00e9e g\u00e9n\u00e9rale a approuv\u00e9 les orientations strat\u00e9giques du Conseil. Celles-ci sont\u00a0 fond\u00e9es sur le principe de l\u2019effectivit\u00e9 des droits et \u00e0 travers lesquelles le CNDH se veut un m\u00e9canisme de recours efficace et accessible, un espace de d\u00e9bat visant \u00e0 promouvoir les questions pressantes [&hellip;]<\/p>\n","protected":false},"author":1759,"featured_media":0,"comment_status":"closed","ping_status":"closed","sticky":false,"template":"","format":"standard","meta":{"fifu_image_url":"","fifu_image_alt":"","footnotes":""},"categories":[73,54],"tags":[],"class_list":["post-62145","post","type-post","status-publish","format-standard","hentry","category-actualite","category-maroc"],"_links":{"self":[{"href":"https:\/\/linitiative.ca\/International\/wp-json\/wp\/v2\/posts\/62145","targetHints":{"allow":["GET"]}}],"collection":[{"href":"https:\/\/linitiative.ca\/International\/wp-json\/wp\/v2\/posts"}],"about":[{"href":"https:\/\/linitiative.ca\/International\/wp-json\/wp\/v2\/types\/post"}],"author":[{"embeddable":true,"href":"https:\/\/linitiative.ca\/International\/wp-json\/wp\/v2\/users\/1759"}],"replies":[{"embeddable":true,"href":"https:\/\/linitiative.ca\/International\/wp-json\/wp\/v2\/comments?post=62145"}],"version-history":[{"count":0,"href":"https:\/\/linitiative.ca\/International\/wp-json\/wp\/v2\/posts\/62145\/revisions"}],"wp:attachment":[{"href":"https:\/\/linitiative.ca\/International\/wp-json\/wp\/v2\/media?parent=62145"}],"wp:term":[{"taxonomy":"category","embeddable":true,"href":"https:\/\/linitiative.ca\/International\/wp-json\/wp\/v2\/categories?post=62145"},{"taxonomy":"post_tag","embeddable":true,"href":"https:\/\/linitiative.ca\/International\/wp-json\/wp\/v2\/tags?post=62145"}],"curies":[{"name":"wp","href":"https:\/\/api.w.org\/{rel}","templated":true}]}}