{"id":62148,"date":"2019-09-24T06:21:56","date_gmt":"2019-09-24T10:21:56","guid":{"rendered":"https:\/\/linitiative.ca\/International\/botola-pro-d1-le-mat-realise-sa-2e-victoire-et-prend-les-commandes\/"},"modified":"2019-09-24T06:21:56","modified_gmt":"2019-09-24T10:21:56","slug":"botola-pro-d1-le-mat-realise-sa-2e-victoire-et-prend-les-commandes","status":"publish","type":"post","link":"https:\/\/linitiative.ca\/International\/botola-pro-d1-le-mat-realise-sa-2e-victoire-et-prend-les-commandes\/","title":{"rendered":"Botola Pro D1: Le MAT r\u00e9alise sa 2e victoire et prend les commandes"},"content":{"rendered":"<p class=\"c4\"><span class=\"c3\"><strong><span class=\"c2\">L<\/span>e Moghreb de T\u00e9touan a r\u00e9alis\u00e9 sa deuxi\u00e8me victoire successive \u00e0 l\u2019occasion de la 2<sup>e<\/sup> journ\u00e9e du championnat national de football, Botola Pro en Division1.<\/strong><\/span><\/p>\n<p class=\"c4\">Apr\u00e8s l\u2019AS FAR battue par (2-0), la semaine \u00e9coul\u00e9e, le MAT a confirm\u00e9 en allant s\u2019imposer \u00e0 l\u2019ext\u00e9rieur devant le Raja de B\u00e9ni-Mellal, nouveau promu, sur le score de 2 buts \u00e0 0, dimanche au stade municipal d\u2019Oued Zem, en match comptant pour la deuxi\u00e8me journ\u00e9e de Botola Pro D1 de football.<\/p>\n<p class=\"c4\">Les deux buts de la rencontre ont \u00e9t\u00e9 inscrits par Abdellaoui Sissoko (16\u00e8) et Adnane El Wardi (65\u00e8).<\/p>\n<p class=\"c4\">Gr\u00e2ce \u00e0 sa 2<sup>e<\/sup> victoire, le MAT prend seul les commandes du classement g\u00e9n\u00e9ral avec 6 points en attendant le d\u00e9roulement des matches report\u00e9s aussi bien en 2<sup>e<\/sup> comme en 1<sup>\u00e8re<\/sup> journ\u00e9es.<\/p>\n<p class=\"c4\">Les autres matches programm\u00e9s, dimanche, ont \u00e9t\u00e9 termin\u00e9s sans vainqueur ni vaincu. L\u2019Olympique Khouribga et l\u2019Ittihad Tanger ont \u00e9t\u00e9 tenus en \u00e9chec respectivement par le Hassania d\u2019Agadir et le Hassani Difa\u00e2 El Jadida sur le m\u00eame score de (0-0).<\/p>\n<p class=\"c4\">Dans l\u2019autre match disput\u00e9 samedi dernier, le Mouloudia Oujda s\u2019est offert le\u00a0 FUS Rabat sur le score de (2-1).<\/p>\n<p class=\"c4\">Cette 2<sup>e<\/sup> journ\u00e9e comme d\u2019ailleurs la pr\u00e9c\u00e9dente, a \u00e9t\u00e9 tronqu\u00e9e par le report de pas moins de 4 matches devant opposer\u00a0 le Wydad Casablanca au Youssoufia Berrechid, le Raja Casablanca \u00e0 la Renaissance Zmamra, la Renaissance Berkane au Rapid Oued Zem et l\u2019AS FAR \u00e0 l\u2019Olympic Safi.<\/p>\n<p class=\"c4\">Ces matches sont report\u00e9s en raison de la participation de l\u2019engagement des plusieurs joueurs des clubs WAC, RCA, et RSB avec l\u2019\u00e9quipe nationale des joueurs locaux qui a fait un nul de (0-0), devant son homologue d\u2019Alg\u00e9rie, samedi en d\u00e9placement Blida, pour le compte de la phase \u00ab\u00a0aller\u00a0\u00bb du dernier tour des \u00e9liminatoires du CHAN 2020.<\/p>\n<p class=\"c4\">Pour l\u2019OCS, il \u00e9tait en lice en Coupe arabe des clubs Mohammed VI o\u00f9 il a fait un nul (1-1), vendredi dernier \u00e0 domicile, face \u00e0 l\u2019\u00e9quipe bahre\u00efnie d\u2019Al Riffa (1-1), dans un match \u00ab\u00a0aller\u00a0\u00bb des 32\u00e8 de finale.<\/p>\n<p class=\"c4\">Les Safiots ont ouvert le score gr\u00e2ce \u00e0 l\u2019Ivoirien Koffi Boua \u00e0 la deuxi\u00e8me minute du match, mais ne sont pas parvenus \u00e0 garder l\u2019avantage puisque le d\u00e9fenseur Mourad Naji va marquer contre son camp (73\u2032). Le match \u00abretour\u00bb aura lieu le 1<sup>er<\/sup> octobre au Bahre\u00efn.<\/p>\n<p class=\"c4\">C\u2019est ainsi que la Botola a commenc\u00e9 avec plusieurs matches report\u00e9s dont ceux de la premi\u00e8re journ\u00e9e en raison de l\u2019engagement des clubs WAC, RCA, RSB et HUSA en Comp\u00e9titions africaines, Ligue des Champions et Coupe de la CAF.<\/p>\n<p class=\"c4\">Attendons donc la mise \u00e0 jour pour savoir encore plus claire au classement g\u00e9n\u00e9ral qui reste provisoire.<\/p>\n<p class=\"c5\"><strong>Rochdi Ben Mhammed<\/strong><\/p>\n<p>Auteur: M&rsquo;hammed rahal<br \/>\n<a href=\"http:\/\/albayane.press.ma\/botola-pro-d1-le-mat-realise-sa-2e-victoire-et-prend-les-commandes.html\">Cliquez ici pour lire l&rsquo;article depuis sa source.<\/a><\/p>\n","protected":false},"excerpt":{"rendered":"<p>Le Moghreb de T\u00e9touan a r\u00e9alis\u00e9 sa deuxi\u00e8me victoire successive \u00e0 l\u2019occasion de la 2e journ\u00e9e du championnat national de football, Botola Pro en Division1. Apr\u00e8s l\u2019AS FAR battue par (2-0), la semaine \u00e9coul\u00e9e, le MAT a confirm\u00e9 en allant s\u2019imposer \u00e0 l\u2019ext\u00e9rieur devant le Raja de B\u00e9ni-Mellal, nouveau promu, sur le score de 2 [&hellip;]<\/p>\n","protected":false},"author":1760,"featured_media":0,"comment_status":"closed","ping_status":"closed","sticky":false,"template":"","format":"standard","meta":{"fifu_image_url":"","fifu_image_alt":"","footnotes":""},"categories":[73,54],"tags":[],"class_list":["post-62148","post","type-post","status-publish","format-standard","hentry","category-actualite","category-maroc"],"_links":{"self":[{"href":"https:\/\/linitiative.ca\/International\/wp-json\/wp\/v2\/posts\/62148","targetHints":{"allow":["GET"]}}],"collection":[{"href":"https:\/\/linitiative.ca\/International\/wp-json\/wp\/v2\/posts"}],"about":[{"href":"https:\/\/linitiative.ca\/International\/wp-json\/wp\/v2\/types\/post"}],"author":[{"embeddable":true,"href":"https:\/\/linitiative.ca\/International\/wp-json\/wp\/v2\/users\/1760"}],"replies":[{"embeddable":true,"href":"https:\/\/linitiative.ca\/International\/wp-json\/wp\/v2\/comments?post=62148"}],"version-history":[{"count":0,"href":"https:\/\/linitiative.ca\/International\/wp-json\/wp\/v2\/posts\/62148\/revisions"}],"wp:attachment":[{"href":"https:\/\/linitiative.ca\/International\/wp-json\/wp\/v2\/media?parent=62148"}],"wp:term":[{"taxonomy":"category","embeddable":true,"href":"https:\/\/linitiative.ca\/International\/wp-json\/wp\/v2\/categories?post=62148"},{"taxonomy":"post_tag","embeddable":true,"href":"https:\/\/linitiative.ca\/International\/wp-json\/wp\/v2\/tags?post=62148"}],"curies":[{"name":"wp","href":"https:\/\/api.w.org\/{rel}","templated":true}]}}