{"id":62149,"date":"2019-09-24T06:52:17","date_gmt":"2019-09-24T10:52:17","guid":{"rendered":"https:\/\/linitiative.ca\/International\/agadir-en-marche\/"},"modified":"2019-09-24T06:52:17","modified_gmt":"2019-09-24T10:52:17","slug":"agadir-en-marche","status":"publish","type":"post","link":"https:\/\/linitiative.ca\/International\/agadir-en-marche\/","title":{"rendered":"Agadir en marche!"},"content":{"rendered":"<p class=\"c4\"><span class=\"c3\"><strong><span class=\"c2\">A<\/span>urait-on le droit de donner libre cours \u00e0 l\u2019auto flagellation par rapport \u00e0 une ville comme Agadir qui aspire, tant bien que mal, \u00e0 la renaissance\u00a0? Certes, beaucoup de chantiers touchant les divers aspects de la cit\u00e9, accusent des retards ou encore des insuffisances.<\/strong><\/span><\/p>\n<p class=\"c4\">Mais, il serait loisible de bien reconna\u00eetre que, depuis ces tout derni\u00e8res ann\u00e9es, de tas d\u2019\u00e9difices ont vu le jour et \u00e9volu\u00e9 in extenso ou en cours d\u2019accomplissement. Bien au contraire, il serait injuste de passer sous silence toute cette dynamique qui, peut-\u00eatre, s\u2019op\u00e8re sans trop de fanfare ni p\u00e9tillement. Cette attitude taciturne s\u2019identifie, sans doute \u00e0 celle du chef de file dont le style discret se fait constamment valoir en filigrane. \u00abLe style est l\u2019homme\u00a0!\u00bb, claironnait un jour Leclerc de Buffon devant \u00a0l\u2019acad\u00e9mie fran\u00e7aise.<\/p>\n<p class=\"c4\">Il va donc falloir s\u2019arr\u00eater de tirer sur tout ce qui bouge, tel Lucky Luke, le fameux h\u00e9ros des bambins. On ne saurait point s\u2019acharner \u00e0 se focaliser sur les ratages si criants soient-ils et ignorer les prouesses si insignifiantes soient-elles. Ce serait, \u00e0 coup s\u00fbr, une vilaine malhonn\u00eatet\u00e9 que d\u2019esquiver les r\u00e9alit\u00e9s saillantes.<\/p>\n<p class=\"c4\">Ceci dit, il importe d\u2019avouer, en toute franchise, que, depuis quelques temps seulement, on aura constat\u00e9 de visu la floraison de leviers \u00e9conomiques de haut standing \u00e0 la zone industrielle ou s\u2019\u00e9l\u00e8vent, tels des champignons des unit\u00e9s d\u2019envergure en domaines de p\u00eache, d\u2019agro-alimentaire, de production agraire, d\u2019industrie\u2026<\/p>\n<p class=\"c4\">En plus, on se sera exult\u00e9 face l\u2019\u00e9normit\u00e9 du projet judicieux du CHU d\u2019Agadir dont les travaux avancent \u00e0 une vitesse soutenue. En fait, il serait redondant de citer toutes ces performances qui s\u2019\u00e9rigent au grand jour, en mati\u00e8re d\u2019investissement pluri-disciplinaire, de services publics\u2026<\/p>\n<p class=\"c4\">Dans le m\u00eame ordre d\u2019id\u00e9es, on se serait exalt\u00e9 \u00e9galement devant l\u2019activisme de la soci\u00e9t\u00e9 civile qui, au quotidien, intervient pour mettre en garde les d\u00e9ch\u00e9ances des corps \u00e9lus et instances tant du public que du priv\u00e9. Ces ripostes se d\u00e9roulent, en g\u00e9n\u00e9ral, dans la s\u00e9r\u00e9nit\u00e9 et le respect des biens d\u2019autrui.<\/p>\n<p class=\"c4\">En effet, ces tout derniers ans, ce constat est d\u2019autant plus \u00e9pris de civisme que de civilit\u00e9 envers la soci\u00e9t\u00e9 locale, en qu\u00eate de vie digne et d\u00e9cence. Il est bien \u00e9vident que le train-train de la ville voire de la r\u00e9gion est prometteur, au vu de cette stabilit\u00e9 qui r\u00e8gne dans tous les compartiments.<\/p>\n<p class=\"c4\">Toutefois, il ne fait pas de doute que la vertu de la notion de pond\u00e9ration dont jouit si pleinement le chef de file de la r\u00e9gion Souss Massa fa\u00e7onne subtilement tout l\u2019entourage pluriel, notamment le conseil r\u00e9gional, les services ext\u00e9rieurs, les \u00e9lus, les acteurs \u00e9conomiques, les activistes associatifs\u2026<\/p>\n<p class=\"c4\">Ce pr\u00e9ambule qui ne date de quelques ann\u00e9es de moins des doigts de main, sera-t-il suivi de plus d\u2019exploits\u00a0? La d\u00e9termination des discours du Souverain seraient, sans nul doute, un leitmotiv de poursuites et de relances davantage de projets au profit de la cite et ses citoyens.<\/p>\n<p>Auteur: M&rsquo;hammed rahal<br \/>\n<a href=\"http:\/\/albayane.press.ma\/agadir-en-marche.html\">Cliquez ici pour lire l&rsquo;article depuis sa source.<\/a><\/p>\n","protected":false},"excerpt":{"rendered":"<p>Aurait-on le droit de donner libre cours \u00e0 l\u2019auto flagellation par rapport \u00e0 une ville comme Agadir qui aspire, tant bien que mal, \u00e0 la renaissance\u00a0? Certes, beaucoup de chantiers touchant les divers aspects de la cit\u00e9, accusent des retards ou encore des insuffisances. Mais, il serait loisible de bien reconna\u00eetre que, depuis ces tout [&hellip;]<\/p>\n","protected":false},"author":1760,"featured_media":0,"comment_status":"closed","ping_status":"closed","sticky":false,"template":"","format":"standard","meta":{"fifu_image_url":"","fifu_image_alt":"","footnotes":""},"categories":[73,54],"tags":[],"class_list":["post-62149","post","type-post","status-publish","format-standard","hentry","category-actualite","category-maroc"],"_links":{"self":[{"href":"https:\/\/linitiative.ca\/International\/wp-json\/wp\/v2\/posts\/62149","targetHints":{"allow":["GET"]}}],"collection":[{"href":"https:\/\/linitiative.ca\/International\/wp-json\/wp\/v2\/posts"}],"about":[{"href":"https:\/\/linitiative.ca\/International\/wp-json\/wp\/v2\/types\/post"}],"author":[{"embeddable":true,"href":"https:\/\/linitiative.ca\/International\/wp-json\/wp\/v2\/users\/1760"}],"replies":[{"embeddable":true,"href":"https:\/\/linitiative.ca\/International\/wp-json\/wp\/v2\/comments?post=62149"}],"version-history":[{"count":0,"href":"https:\/\/linitiative.ca\/International\/wp-json\/wp\/v2\/posts\/62149\/revisions"}],"wp:attachment":[{"href":"https:\/\/linitiative.ca\/International\/wp-json\/wp\/v2\/media?parent=62149"}],"wp:term":[{"taxonomy":"category","embeddable":true,"href":"https:\/\/linitiative.ca\/International\/wp-json\/wp\/v2\/categories?post=62149"},{"taxonomy":"post_tag","embeddable":true,"href":"https:\/\/linitiative.ca\/International\/wp-json\/wp\/v2\/tags?post=62149"}],"curies":[{"name":"wp","href":"https:\/\/api.w.org\/{rel}","templated":true}]}}