{"id":62150,"date":"2019-09-24T07:02:14","date_gmt":"2019-09-24T11:02:14","guid":{"rendered":"https:\/\/linitiative.ca\/International\/ahmed-saari-une-etoile-du-theatre-nationale-sest-eteinte\/"},"modified":"2019-09-24T07:02:14","modified_gmt":"2019-09-24T11:02:14","slug":"ahmed-saari-une-etoile-du-theatre-nationale-sest-eteinte","status":"publish","type":"post","link":"https:\/\/linitiative.ca\/International\/ahmed-saari-une-etoile-du-theatre-nationale-sest-eteinte\/","title":{"rendered":"Ahmed Sa\u00e2ri: Une \u00e9toile du th\u00e9\u00e2tre nationale s\u2019est \u00e9teinte"},"content":{"rendered":"<p class=\"c4\"><span class=\"c3\"><strong><span class=\"c2\">L<\/span>es feuilles du th\u00e9\u00e2tre national tombent l\u2019une apr\u00e8s l\u2019autre. En effet, apr\u00e8s le d\u00e9c\u00e8s fin ao\u00fbt de la com\u00e9dienne marocaine Amina Rachid \u00e0 l\u2019\u00e2ge de 83 ans, cette fois-ci c\u2019est Ahmed Sa\u00e2ri,\u00a0 une ic\u00f4ne des planches marocaines, qui vient de quitter la sc\u00e8ne artistique marocaine.<\/strong><\/span><\/p>\n<p class=\"c4\">Le d\u00e9funt qui \u00e9tait l\u2019un des monuments et des pr\u00e9curseurs du th\u00e9\u00e2tre national a tir\u00e9 sa r\u00e9v\u00e9rence dimanche\u00a0 22 septembre \u00e0 sa ville natale, Casablanca. Il avait 79 ans. Une vie d\u00e9di\u00e9e aux planches. Le regrett\u00e9 a partag\u00e9 sa carri\u00e8re entre le p\u00e8re des arts, le cin\u00e9ma et la t\u00e9l\u00e9vision. G\u00e9n\u00e9reux, militant de la premi\u00e8re heure pour les droits des artistes, Sa\u00e2ri a contribu\u00e9 avec d\u2019autres figures embl\u00e9matiques \u00e0\u00a0 l\u2019effervescence de la sc\u00e8ne artistique et th\u00e9\u00e2trale.<\/p>\n<p class=\"c4\">\u00abLa sc\u00e8ne artistique a perdu un des ses pionniers, Ahmed Sa\u00e2ri. La sc\u00e8ne a perdu l\u2019un de ses symboles et icones tr\u00e8s rares et\u00a0 inclassables\u00bb, nous affirme Lahoucine Cha\u00e2bi, dramaturge et critique du th\u00e9\u00e2tre.\u00a0 Et d\u2019ajouter : \u00abC\u2019est un com\u00e9dien qui a beaucoup sur les planches, il est aussi sp\u00e9cialiste dans la gestion. Il \u00e9tait\u00a0 l\u2019un des premiers qui organisent des tourn\u00e9es de spectacles dans les quatre coins du Maroc et au Maghreb notamment en Tunisie et l\u2019Alg\u00e9rie\u00bb.<\/p>\n<p class=\"c4\">C\u2019est en 1956, \u00e0 l\u2019\u00e2ge de 16 ans, que le com\u00e9dien entame son parcours artistique dans la \u00abtroupe de th\u00e9\u00e2tre marocaine\u00bb qui regroupait une belle brochette de com\u00e9diens et de dramaturges marocains tels que Tayeb Saddiki, Ahmed Tayeb La\u00e2lej, Mohamed Afifi et Abdessamad Kenfaoui.<\/p>\n<p class=\"c4\">Que de grands noms qui avaient jet\u00e9 les fondements d\u2019un th\u00e9\u00e2tre national enracin\u00e9 dans sa culture populaire et mill\u00e9naire, mais aussi ouvert sur l\u2019universalisme. Apr\u00e8s 9 ans d\u2019 exp\u00e9rience, Ahmed Sa\u00e2ri est devenu en 1965 professeur au Conservatoire municipal de musique, de danse et d\u2019art dramatique de Casablanca qui a donn\u00e9 naissance \u00e0 d\u2019autres noms et futures figures embl\u00e9matiques de la sc\u00e8ne th\u00e9\u00e2trale nationale dont le couple Aziz Sa\u00e2d Allah et Khadija Assad, les com\u00e9diens Houcine Beniaz (Baz), Fouad Saadllah, Smail Abou Lknater et Miloud El Habachi et d\u2019autres artistes.<\/p>\n<p class=\"c4\">Il a beaucoup donn\u00e9 sur les planches, mais aussi dans le travail syndical. \u00abIl est un des fondateurs du syndicat national des professionnels\u00a0 du th\u00e9\u00e2tre. Je me souvenais lors du premier congr\u00e8s, le d\u00e9funt a eu un grand nombre des votes, mais et il a c\u00e9d\u00e9 la pr\u00e9sidence Aziz Saadallah.<\/p>\n<p class=\"c4\">Il est aussi\u00a0 un formateur qui a form\u00e9 beaucoup de com\u00e9diens et com\u00e9diennes.\u00bb, ajoute Lahoucine Cha\u00e2bi. Il est \u00e0 rappeler que le \u00abGoogle du th\u00e9\u00e2tre marocain\u00bb, comme beaucoup aimaient l\u2019appeler a vu le jour en 1940 dans une maison de Derb Lihoudi au\u00a0 quartier Derb Sultan.<\/p>\n<p class=\"c4\">\u00abLe th\u00e9\u00e2tre national est en deuil. On a perdu un symbole, un pilier de la sc\u00e8ne th\u00e9\u00e2trale nationale. Un grand com\u00e9dien et militant qui a consacr\u00e9 sa vie \u00e0 l\u2019art et aux artistes\u00bb, nous indique dans une d\u00e9claration \u00e0 Al Bayane Mouhcine Massoud, pr\u00e9sident du Syndicat marocain des professionnels des arts dramatiques.<\/p>\n<p class=\"c5\"><strong>Mohamed Na\u00eet Youssef<\/strong><\/p>\n<p>Auteur: M&rsquo;hammed rahal<br \/>\n<a href=\"http:\/\/albayane.press.ma\/ahmed-saari-une-etoile-du-theatre-nationale-sest-eteinte.html\">Cliquez ici pour lire l&rsquo;article depuis sa source.<\/a><\/p>\n","protected":false},"excerpt":{"rendered":"<p>Les feuilles du th\u00e9\u00e2tre national tombent l\u2019une apr\u00e8s l\u2019autre. En effet, apr\u00e8s le d\u00e9c\u00e8s fin ao\u00fbt de la com\u00e9dienne marocaine Amina Rachid \u00e0 l\u2019\u00e2ge de 83 ans, cette fois-ci c\u2019est Ahmed Sa\u00e2ri,\u00a0 une ic\u00f4ne des planches marocaines, qui vient de quitter la sc\u00e8ne artistique marocaine. Le d\u00e9funt qui \u00e9tait l\u2019un des monuments et des pr\u00e9curseurs [&hellip;]<\/p>\n","protected":false},"author":1760,"featured_media":0,"comment_status":"closed","ping_status":"closed","sticky":false,"template":"","format":"standard","meta":{"fifu_image_url":"","fifu_image_alt":"","footnotes":""},"categories":[73,54],"tags":[],"class_list":["post-62150","post","type-post","status-publish","format-standard","hentry","category-actualite","category-maroc"],"_links":{"self":[{"href":"https:\/\/linitiative.ca\/International\/wp-json\/wp\/v2\/posts\/62150","targetHints":{"allow":["GET"]}}],"collection":[{"href":"https:\/\/linitiative.ca\/International\/wp-json\/wp\/v2\/posts"}],"about":[{"href":"https:\/\/linitiative.ca\/International\/wp-json\/wp\/v2\/types\/post"}],"author":[{"embeddable":true,"href":"https:\/\/linitiative.ca\/International\/wp-json\/wp\/v2\/users\/1760"}],"replies":[{"embeddable":true,"href":"https:\/\/linitiative.ca\/International\/wp-json\/wp\/v2\/comments?post=62150"}],"version-history":[{"count":0,"href":"https:\/\/linitiative.ca\/International\/wp-json\/wp\/v2\/posts\/62150\/revisions"}],"wp:attachment":[{"href":"https:\/\/linitiative.ca\/International\/wp-json\/wp\/v2\/media?parent=62150"}],"wp:term":[{"taxonomy":"category","embeddable":true,"href":"https:\/\/linitiative.ca\/International\/wp-json\/wp\/v2\/categories?post=62150"},{"taxonomy":"post_tag","embeddable":true,"href":"https:\/\/linitiative.ca\/International\/wp-json\/wp\/v2\/tags?post=62150"}],"curies":[{"name":"wp","href":"https:\/\/api.w.org\/{rel}","templated":true}]}}