{"id":62155,"date":"2019-09-24T07:55:00","date_gmt":"2019-09-24T11:55:00","guid":{"rendered":"https:\/\/linitiative.ca\/International\/notre-pays-est-en-danger\/"},"modified":"2019-09-24T07:55:00","modified_gmt":"2019-09-24T11:55:00","slug":"notre-pays-est-en-danger","status":"publish","type":"post","link":"https:\/\/linitiative.ca\/International\/notre-pays-est-en-danger\/","title":{"rendered":"\u00ab Notre pays est en danger \u00bb"},"content":{"rendered":"<div id=\"originalText\" readability=\"57\">\n<p class=\"c10\">Des centaines d&rsquo;\u00e9tudiants ont \u00e0 nouveau march\u00e9 aujourd\u2019hui \u00e0 Alger, pour la 31e mardi \u00a0cons\u00e9cutif, pour r\u00e9clamer \u00a0le d\u00e9part du syst\u00e8me. Les \u00e9tudiants ont rejet\u00e9 l\u2019\u00e9lection pr\u00e9sidentielle fix\u00e9e au 12 d\u00e9cembre prochain.<\/p>\n<p><iframe loading=\"lazy\" allowfullscreen=\"true\" allowtransparency=\"true\" frameborder=\"0\" height=\"315\" scrolling=\"no\" src=\"https:\/\/www.facebook.com\/plugins\/video.php?href=https%3A%2F%2Fwww.facebook.com%2FJournaLiberteOfficiel%2Fvideos%2F2584009481688336%2F&#038;show_text=0&#038;width=560\" class=\"c11\" width=\"560\">[embedded content]<\/iframe><\/p>\n<p class=\"c10\">La marche s\u2019est \u00e9branl\u00e9e de \u00a0la Place des Martyrs \u00e0 10h30 \u00a0et s\u2019est dirig\u00e9e vers\u00a0 la Grande-Poste, en passant par la Place de l&rsquo;Emir Abdelkader, le Boulevard Colonel Amirouche pour arriver enfin \u00a0\u00e0 la rue Didouche Mourad.<\/p>\n<p class=\"c10\">Les \u00e9tudiants ont entre autres scand\u00e9 les slogans habituels, hostiles au pouvoir et rejetant les \u00e9lections pr\u00e9sidentielles: \u00ab Ya Ali Amar bladna rahi fel danger, yed fel yed nedou el istiqlal nkemlou fiha la bataille d&rsquo;Alger, (\u00f4 Ali Amar notre pays est en danger, main dans la main on aura notre ind\u00e9pendance et on finira notre bataille d\u2019Alger, NDLR) \u00bb, ont-ils entonn\u00e9.<\/p>\n<p><iframe loading=\"lazy\" allow=\"accelerometer; autoplay; encrypted-media; gyroscope; picture-in-picture\" allowfullscreen=\"\" frameborder=\"0\" height=\"315\" src=\"https:\/\/www.youtube.com\/embed\/jIo05GB7WgA\" width=\"560\">[embedded content]<\/iframe><\/p>\n<p class=\"c10\">Par ailleurs, les manifestants ont exprim\u00e9 leur soutien aux d\u00e9tenus.\u00a0 La marche s\u2019est dispers\u00e9e dans le calme en d\u00e9but d\u2019apr\u00e8s-midi.<\/p>\n<p class=\"c12\"><strong>Im\u00e8ne AMOKRANE<\/strong><\/p>\n<\/div>\n<div id=\"text_core\" readability=\"57\">\n<p class=\"c10\">Des centaines d&rsquo;\u00e9tudiants ont \u00e0 nouveau march\u00e9 aujourd\u2019hui \u00e0 Alger, pour la 31e mardi \u00a0cons\u00e9cutif, pour r\u00e9clamer \u00a0le d\u00e9part du syst\u00e8me. Les \u00e9tudiants ont rejet\u00e9 l\u2019\u00e9lection pr\u00e9sidentielle fix\u00e9e au 12 d\u00e9cembre prochain.<\/p>\n<p><iframe loading=\"lazy\" allowfullscreen=\"true\" allowtransparency=\"true\" frameborder=\"0\" height=\"315\" scrolling=\"no\" src=\"https:\/\/www.facebook.com\/plugins\/video.php?href=https%3A%2F%2Fwww.facebook.com%2FJournaLiberteOfficiel%2Fvideos%2F2584009481688336%2F&#038;show_text=0&#038;width=560\" class=\"c11\" width=\"560\">[embedded content]<\/iframe><\/p>\n<p class=\"c10\">La marche s\u2019est \u00e9branl\u00e9e de \u00a0la Place des Martyrs \u00e0 10h30 \u00a0et s\u2019est dirig\u00e9e vers\u00a0 la Grande-Poste, en passant par la Place de l&rsquo;Emir Abdelkader, le Boulevard Colonel Amirouche pour arriver enfin \u00a0\u00e0 la rue Didouche Mourad.<\/p>\n<p class=\"c10\">Les \u00e9tudiants ont entre autres scand\u00e9 les slogans habituels, hostiles au pouvoir et rejetant les \u00e9lections pr\u00e9sidentielles: \u00ab Ya Ali Amar bladna rahi fel danger, yed fel yed nedou el istiqlal nkemlou fiha la bataille d&rsquo;Alger, (\u00f4 Ali Amar notre pays est en danger, main dans la main on aura notre ind\u00e9pendance et on finira notre bataille d\u2019Alger, NDLR) \u00bb, ont-ils entonn\u00e9.<\/p>\n<p><iframe loading=\"lazy\" allow=\"accelerometer; autoplay; encrypted-media; gyroscope; picture-in-picture\" allowfullscreen=\"\" frameborder=\"0\" height=\"315\" src=\"https:\/\/www.youtube.com\/embed\/jIo05GB7WgA\" width=\"560\">[embedded content]<\/iframe><\/p>\n<p class=\"c10\">Par ailleurs, les manifestants ont exprim\u00e9 leur soutien aux d\u00e9tenus.\u00a0 La marche s\u2019est dispers\u00e9e dans le calme en d\u00e9but d\u2019apr\u00e8s-midi.<\/p>\n<p class=\"c12\"><strong>Im\u00e8ne AMOKRANE<\/strong><\/p>\n<\/div>\n<p>Auteur:<br \/>\n<a href=\"https:\/\/www.liberte-algerie.com\/actualite\/notre-pays-est-en-danger-324602\">Cliquez ici pour lire l&rsquo;article depuis sa source.<\/a><\/p>\n","protected":false},"excerpt":{"rendered":"<p>Des centaines d&rsquo;\u00e9tudiants ont \u00e0 nouveau march\u00e9 aujourd\u2019hui \u00e0 Alger, pour la 31e mardi \u00a0cons\u00e9cutif, pour r\u00e9clamer \u00a0le d\u00e9part du syst\u00e8me. Les \u00e9tudiants ont rejet\u00e9 l\u2019\u00e9lection pr\u00e9sidentielle fix\u00e9e au 12 d\u00e9cembre prochain. [embedded content] La marche s\u2019est \u00e9branl\u00e9e de \u00a0la Place des Martyrs \u00e0 10h30 \u00a0et s\u2019est dirig\u00e9e vers\u00a0 la Grande-Poste, en passant par la [&hellip;]<\/p>\n","protected":false},"author":1742,"featured_media":0,"comment_status":"closed","ping_status":"closed","sticky":false,"template":"","format":"standard","meta":{"fifu_image_url":"","fifu_image_alt":"","footnotes":""},"categories":[73,53],"tags":[],"class_list":["post-62155","post","type-post","status-publish","format-standard","hentry","category-actualite","category-algerie"],"_links":{"self":[{"href":"https:\/\/linitiative.ca\/International\/wp-json\/wp\/v2\/posts\/62155","targetHints":{"allow":["GET"]}}],"collection":[{"href":"https:\/\/linitiative.ca\/International\/wp-json\/wp\/v2\/posts"}],"about":[{"href":"https:\/\/linitiative.ca\/International\/wp-json\/wp\/v2\/types\/post"}],"author":[{"embeddable":true,"href":"https:\/\/linitiative.ca\/International\/wp-json\/wp\/v2\/users\/1742"}],"replies":[{"embeddable":true,"href":"https:\/\/linitiative.ca\/International\/wp-json\/wp\/v2\/comments?post=62155"}],"version-history":[{"count":0,"href":"https:\/\/linitiative.ca\/International\/wp-json\/wp\/v2\/posts\/62155\/revisions"}],"wp:attachment":[{"href":"https:\/\/linitiative.ca\/International\/wp-json\/wp\/v2\/media?parent=62155"}],"wp:term":[{"taxonomy":"category","embeddable":true,"href":"https:\/\/linitiative.ca\/International\/wp-json\/wp\/v2\/categories?post=62155"},{"taxonomy":"post_tag","embeddable":true,"href":"https:\/\/linitiative.ca\/International\/wp-json\/wp\/v2\/tags?post=62155"}],"curies":[{"name":"wp","href":"https:\/\/api.w.org\/{rel}","templated":true}]}}