{"id":62159,"date":"2019-09-24T07:50:13","date_gmt":"2019-09-24T11:50:13","guid":{"rendered":"https:\/\/linitiative.ca\/International\/incendie-dans-un-hopital-a-el-oued-le-procureur-de-la-republique-ouvre-une-enquete\/"},"modified":"2019-09-24T07:50:13","modified_gmt":"2019-09-24T11:50:13","slug":"incendie-dans-un-hopital-a-el-oued-le-procureur-de-la-republique-ouvre-une-enquete","status":"publish","type":"post","link":"https:\/\/linitiative.ca\/International\/incendie-dans-un-hopital-a-el-oued-le-procureur-de-la-republique-ouvre-une-enquete\/","title":{"rendered":"Incendie dans un h\u00f4pital \u00e0 El Oued: le Procureur de la R\u00e9publique ouvre une enqu\u00eate"},"content":{"rendered":"<div>\n<div class=\"K2FeedImage\"><img decoding=\"async\" src=\"http:\/\/www.aps.dz\/media\/k2\/items\/cache\/426d21248f001cbd61981ab9564eee54_S.jpg\" alt=\"Incendie dans un h\u00f4pital \u00e0 El Oued: le Procureur de la R\u00e9publique ouvre une enqu\u00eate\"><\/div>\n<div class=\"K2FeedIntroText\">\n<p><strong>ALGER &#8211; Le Procureur de la R\u00e9publique pr\u00e8s le tribunal d&rsquo;El Oued a ouvert une enqu\u00eate sur l&rsquo;incendie qui s&rsquo;est d\u00e9clar\u00e9, mardi matin, \u00e0 l&rsquo;h\u00f4pital M\u00e8re-Enfant \u00e0 El Oued, faisant 8 morts (nouveau-n\u00e9s), a-t-on appris de sources judiciaires.<\/strong><\/p>\n<\/div>\n<div class=\"K2FeedFullText\">\n<p>\u00ab\u00a0Suite \u00e0 l&rsquo;incendie qui s&rsquo;est d\u00e9clar\u00e9 vers 03h52 au niveau de l&rsquo;h\u00f4pital M\u00e8re-Enfant (El-Oued), 8 nouveau-n\u00e9s sont d\u00e9c\u00e9d\u00e9s dont certains br\u00fbl\u00e9s et d&rsquo;autres asphyxi\u00e9s, tandis que 76 personnes ont \u00e9t\u00e9 secourues, dont 11 nouveau-n\u00e9s, 37 femmes, et 25 employ\u00e9s \u00e0 l&rsquo;h\u00f4pital\u00a0\u00bb, avaient indiqu\u00e9 les services de la Protection civile.<\/p>\n<p>Les m\u00eames services ont mobilis\u00e9, suite \u00e0 cet incident, \u00ab\u00a010 camions anti-incendie et des ambulances pour l&rsquo;\u00e9vacuation des victimes et l&rsquo;extinction du feu, en vue d&rsquo;\u00e9viter sa propagation \u00e0 d&rsquo;autres services\u00a0\u00bb.<\/p>\n<\/div>\n<\/div>\n<p>Auteur:<br \/>\n<a href=\"http:\/\/www.aps.dz\/regions\/94758-incendie-dans-un-hopital-a-el-oued-le-procureur-de-la-republique-ouvre-une-enquete\">Cliquez ici pour lire l&rsquo;article depuis sa source.<\/a><\/p>\n","protected":false},"excerpt":{"rendered":"<p>ALGER &#8211; Le Procureur de la R\u00e9publique pr\u00e8s le tribunal d&rsquo;El Oued a ouvert une enqu\u00eate sur l&rsquo;incendie qui s&rsquo;est d\u00e9clar\u00e9, mardi matin, \u00e0 l&rsquo;h\u00f4pital M\u00e8re-Enfant \u00e0 El Oued, faisant 8 morts (nouveau-n\u00e9s), a-t-on appris de sources judiciaires. \u00ab\u00a0Suite \u00e0 l&rsquo;incendie qui s&rsquo;est d\u00e9clar\u00e9 vers 03h52 au niveau de l&rsquo;h\u00f4pital M\u00e8re-Enfant (El-Oued), 8 nouveau-n\u00e9s sont [&hellip;]<\/p>\n","protected":false},"author":1790,"featured_media":62160,"comment_status":"closed","ping_status":"closed","sticky":false,"template":"","format":"standard","meta":{"fifu_image_url":"","fifu_image_alt":"","footnotes":""},"categories":[53,76],"tags":[],"class_list":["post-62159","post","type-post","status-publish","format-standard","has-post-thumbnail","hentry","category-algerie","category-regions"],"_links":{"self":[{"href":"https:\/\/linitiative.ca\/International\/wp-json\/wp\/v2\/posts\/62159","targetHints":{"allow":["GET"]}}],"collection":[{"href":"https:\/\/linitiative.ca\/International\/wp-json\/wp\/v2\/posts"}],"about":[{"href":"https:\/\/linitiative.ca\/International\/wp-json\/wp\/v2\/types\/post"}],"author":[{"embeddable":true,"href":"https:\/\/linitiative.ca\/International\/wp-json\/wp\/v2\/users\/1790"}],"replies":[{"embeddable":true,"href":"https:\/\/linitiative.ca\/International\/wp-json\/wp\/v2\/comments?post=62159"}],"version-history":[{"count":0,"href":"https:\/\/linitiative.ca\/International\/wp-json\/wp\/v2\/posts\/62159\/revisions"}],"wp:featuredmedia":[{"embeddable":true,"href":"https:\/\/linitiative.ca\/International\/wp-json\/"}],"wp:attachment":[{"href":"https:\/\/linitiative.ca\/International\/wp-json\/wp\/v2\/media?parent=62159"}],"wp:term":[{"taxonomy":"category","embeddable":true,"href":"https:\/\/linitiative.ca\/International\/wp-json\/wp\/v2\/categories?post=62159"},{"taxonomy":"post_tag","embeddable":true,"href":"https:\/\/linitiative.ca\/International\/wp-json\/wp\/v2\/tags?post=62159"}],"curies":[{"name":"wp","href":"https:\/\/api.w.org\/{rel}","templated":true}]}}