{"id":62166,"date":"2019-09-24T12:49:42","date_gmt":"2019-09-24T16:49:42","guid":{"rendered":"https:\/\/linitiative.ca\/International\/el-oued-suspension-des-directeurs-de-la-sante-et-de-letablissement-hospitalier\/"},"modified":"2019-09-24T12:49:42","modified_gmt":"2019-09-24T16:49:42","slug":"el-oued-suspension-des-directeurs-de-la-sante-et-de-letablissement-hospitalier","status":"publish","type":"post","link":"https:\/\/linitiative.ca\/International\/el-oued-suspension-des-directeurs-de-la-sante-et-de-letablissement-hospitalier\/","title":{"rendered":"El Oued: suspension des directeurs de la Sant\u00e9 et de l&rsquo;Etablissement hospitalier"},"content":{"rendered":"<div>\n<div class=\"K2FeedImage\"><img decoding=\"async\" src=\"http:\/\/www.aps.dz\/media\/k2\/items\/cache\/e00699fa3ee3c606aa490061e160b731_S.jpg\" alt=\"El Oued: suspension des directeurs de la Sant\u00e9 et de l'Etablissement hospitalier\"><\/div>\n<div class=\"K2FeedIntroText\">\n<p><strong>ALGER- Le ministre de la Sant\u00e9, de la Population et de la R\u00e9forme hospitali\u00e8re, Mohamed Miraoui a d\u00e9cid\u00e9 mardi la suspension du directeur de la Sant\u00e9 de la wilaya d&rsquo;El Oued ainsi que le directeur de l&rsquo;Etablissement hospitalier M\u00e8re-Enfant et du responsable de la permanence, a indiqu\u00e9 un communiqu\u00e9 du minist\u00e8re de la sant\u00e9.<\/strong><\/p>\n<\/div>\n<div class=\"K2FeedFullText\">\n<p>Cette d\u00e9cision est intervenue lors de la visite du ministre de la sant\u00e9 dans la wilaya d&rsquo;El Oued pour s&rsquo;enqu\u00e9rir de pr\u00e9s des d\u00e9g\u00e2ts caus\u00e9s par l&rsquo;incendie, qui s&rsquo;\u00e9tait d\u00e9clar\u00e9, mardi \u00e0 l&rsquo;aube, dans le pavillon des nouveaux n\u00e9s \u00e0 l&rsquo;h\u00f4pital M\u00e8re-Enfant d&rsquo;El Oued, pr\u00e9cise le communiqu\u00e9.<\/p>\n<p>Apr\u00e8s les condol\u00e9ances aux familles des victimes, le minist\u00e8re de la Sant\u00e9 a fait savoir que \u00ab\u00a0l&rsquo;incendie aurait \u00e9t\u00e9 provoqu\u00e9, selon les r\u00e9sultats pr\u00e9liminaires de l&rsquo;enqu\u00eate, par une \u00e9tincelle \u00e9lectrique provenant d&rsquo;un appareil anti-moustique\u00a0\u00bb, ajoutant que \u00ab\u00a0les investigations se poursuivent pour conna\u00eetre toutes les circonstances de ce sinistre\u00a0\u00bb.<\/p>\n<hr>\n<h3 class=\"allmode-title\"><span style=\"color: #000000;\">Lire aussi<\/span>:\u00a0<a href=\"http:\/\/www.aps.dz\/regions\/94754-el-oued-huit-nouveau-nes-morts-calcines-dans-une-maternite\">Incendie dans une maternit\u00e9 \u00e0 El Oued: huit nouveau-n\u00e9s d\u00e9c\u00e9d\u00e9s<\/a><\/h3>\n<hr>\n<p>Par ailleurs, le minist\u00e8re a rappel\u00e9 avoir avis\u00e9 toutes les Directions de la sant\u00e9 et de la population, \u00e0 travers le territoire national, les Etablissements hospitaliers et les Etablissements publics de la sant\u00e9 de proximit\u00e9 \u00e0 travers, \u00ab\u00a0une note datant du 1 ao\u00fbt 2019, des mesures op\u00e9rationnelles et pr\u00e9ventives contre les incendies, expliquant plusieurs proc\u00e9dures \u00e0 suivre\u00a0\u00bb.<\/p>\n<p>Parmi ces mesures, explique le minist\u00e8re de tutelle figurent \u00ab\u00a0le contr\u00f4le des \u00e9quipements et mat\u00e9riels de lutte contre les incendies, la v\u00e9rification du bon fonctionnement des moyens de communication et de l&rsquo;op\u00e9rabilit\u00e9 des syst\u00e8mes d&rsquo;alerte, outre la r\u00e9paration de toutes panes \u00e9lectriques au niveau de toutes les unit\u00e9s et services\u00a0\u00bb.<\/p>\n<\/div>\n<\/div>\n<p>Auteur:<br \/>\n<a href=\"http:\/\/www.aps.dz\/regions\/94780-el-oued-suspension-des-directeurs-de-la-sante-et-de-l-etablissement-hospitalier\">Cliquez ici pour lire l&rsquo;article depuis sa source.<\/a><\/p>\n","protected":false},"excerpt":{"rendered":"<p>ALGER- Le ministre de la Sant\u00e9, de la Population et de la R\u00e9forme hospitali\u00e8re, Mohamed Miraoui a d\u00e9cid\u00e9 mardi la suspension du directeur de la Sant\u00e9 de la wilaya d&rsquo;El Oued ainsi que le directeur de l&rsquo;Etablissement hospitalier M\u00e8re-Enfant et du responsable de la permanence, a indiqu\u00e9 un communiqu\u00e9 du minist\u00e8re de la sant\u00e9. Cette [&hellip;]<\/p>\n","protected":false},"author":1790,"featured_media":62167,"comment_status":"closed","ping_status":"closed","sticky":false,"template":"","format":"standard","meta":{"fifu_image_url":"","fifu_image_alt":"","footnotes":""},"categories":[53,76],"tags":[],"class_list":["post-62166","post","type-post","status-publish","format-standard","has-post-thumbnail","hentry","category-algerie","category-regions"],"_links":{"self":[{"href":"https:\/\/linitiative.ca\/International\/wp-json\/wp\/v2\/posts\/62166","targetHints":{"allow":["GET"]}}],"collection":[{"href":"https:\/\/linitiative.ca\/International\/wp-json\/wp\/v2\/posts"}],"about":[{"href":"https:\/\/linitiative.ca\/International\/wp-json\/wp\/v2\/types\/post"}],"author":[{"embeddable":true,"href":"https:\/\/linitiative.ca\/International\/wp-json\/wp\/v2\/users\/1790"}],"replies":[{"embeddable":true,"href":"https:\/\/linitiative.ca\/International\/wp-json\/wp\/v2\/comments?post=62166"}],"version-history":[{"count":0,"href":"https:\/\/linitiative.ca\/International\/wp-json\/wp\/v2\/posts\/62166\/revisions"}],"wp:featuredmedia":[{"embeddable":true,"href":"https:\/\/linitiative.ca\/International\/wp-json\/"}],"wp:attachment":[{"href":"https:\/\/linitiative.ca\/International\/wp-json\/wp\/v2\/media?parent=62166"}],"wp:term":[{"taxonomy":"category","embeddable":true,"href":"https:\/\/linitiative.ca\/International\/wp-json\/wp\/v2\/categories?post=62166"},{"taxonomy":"post_tag","embeddable":true,"href":"https:\/\/linitiative.ca\/International\/wp-json\/wp\/v2\/tags?post=62166"}],"curies":[{"name":"wp","href":"https:\/\/api.w.org\/{rel}","templated":true}]}}