{"id":62168,"date":"2019-09-23T18:07:47","date_gmt":"2019-09-23T22:07:47","guid":{"rendered":"https:\/\/linitiative.ca\/International\/medina-pres-de-5-000-habitats-menacant-ruine-traites\/"},"modified":"2019-09-23T18:07:47","modified_gmt":"2019-09-23T22:07:47","slug":"medina-pres-de-5-000-habitats-menacant-ruine-traites","status":"publish","type":"post","link":"https:\/\/linitiative.ca\/International\/medina-pres-de-5-000-habitats-menacant-ruine-traites\/","title":{"rendered":"M\u00e9dina: Pr\u00e8s de 5.000 habitats mena\u00e7ant ruine trait\u00e9s"},"content":{"rendered":"<div readability=\"42\">\n<p>Marrakech- Les diff\u00e9rents programmes de r\u00e9habilitation des b\u00e2timents mena\u00e7ant ruine ont permis de traiter depuis 2006, pr\u00e8s de 5.000 habitats au profit de 7.000 familles r\u00e9sidant dans la M\u00e9dina de Marrakech, a soulign\u00e9, lundi dans la cit\u00e9 ocre, le ministre de l\u2019Am\u00e9nagement du Territoire national, de l\u2019Urbanisme, de l\u2019Habitat et de la Politique de la ville, Abdelahad Fassi Fihri.<\/p>\n<\/div>\n<div readability=\"114\">\n<p>Intervenant \u00e0 la c\u00e9r\u00e9monie d\u2019ouverture de la consultation r\u00e9gionale de l\u2019\u00e9tude relative \u00e0 la Strat\u00e9gie d\u2019Intervention de l\u2019Agence Nationale pour la R\u00e9novation Urbaine et la R\u00e9habilitation des B\u00e2timents Mena\u00e7ant Ruine (ANRUR) \u00e0 l\u2019horizon 2030 dans la r\u00e9gion\u00a0Marrakech-Safi, M. Fassi Fihri a indiqu\u00e9 que le recensement effectu\u00e9 par le minist\u00e8re de l\u2019Int\u00e9rieur en 2012 fait \u00e9tat de 43.743 B\u00e2timents Mena\u00e7ant Ruine, dont 6.554 dans la r\u00e9gion de\u00a0Marrakech-Safi.<\/p>\n<p>Ces b\u00e2timents mena\u00e7ant ruine dans cette r\u00e9gion se r\u00e9partissent sur 4.567 dans la M\u00e9dina de\u00a0Marrakech, 354 dans la M\u00e9dina d\u2019Essaouira et 433 dans la M\u00e9dina de Safi, a-t-il pr\u00e9cis\u00e9, relevant que la cit\u00e9 ocre a b\u00e9n\u00e9fici\u00e9 d\u2019une Haute Sollicitude Royale \u00e0 travers des projets structurants visant la r\u00e9habilitation et la pr\u00e9servation du patrimoine architectural, culturel et historique et l\u2019am\u00e9lioration des conditions de vie de la population locale, la promotion de l\u2019artisanat et du secteur touristique.<\/p>\n<p>Ces projets rentrent dans le cadre de programmes mis en place en partenariat avec les diff\u00e9rents acteurs ayant pour objectif l\u2019am\u00e9lioration des conditions de vie et d\u2019habitat des citoyens, dont certains ont fait l\u2019objet de conventions sign\u00e9es devant SM le Roi Mohammed VI.<\/p>\n<p>Le ministre a soulign\u00e9 que son d\u00e9partement a men\u00e9, dans une d\u00e9marche anticipative et protectrice, une r\u00e9flexion ayant abouti \u00e0 la promulgation de la loi 94-12 relative aux b\u00e2timents mena\u00e7ant ruine et \u00e0 l\u2019organisation des op\u00e9rations de r\u00e9novation urbaine, laquelle loi a combl\u00e9 le vide juridique en mati\u00e8re d\u2019interventions sur les constructions mena\u00e7ant ruine et la r\u00e9novation urbaine et a d\u00e9fini les responsabilit\u00e9s des diff\u00e9rents intervenants.<\/p>\n<p>La Loi a \u00e9galement cr\u00e9\u00e9 un \u00e9tablissement public (ANRUR) charg\u00e9 de l\u2019\u00e9laboration des \u00e9tudes, strat\u00e9gies, programmes urbains et projets relatifs \u00e0 la r\u00e9novation urbaine et \u00e0 la r\u00e9habilitation des tissus et b\u00e2timents mena\u00e7ant ruine ainsi que de la supervision de l\u2019ex\u00e9cution des projets relevant des plans de r\u00e9novation urbaine, a-t-il dit.<\/p>\n<p>En d\u00e9pit des efforts d\u00e9ploy\u00e9s, le paysage urbain des villes a subi une d\u00e9gradation caract\u00e9ris\u00e9e par l\u2019augmentation du nombre de B\u00e2timents Mena\u00e7ant Ruine (notamment dans les m\u00e9dinas), qui repr\u00e9sentent une menace sur la vie des citoyens et influent n\u00e9gativement sur la valeur du tissu urbain national en tant que tr\u00e9sor mat\u00e9riel et patrimoine immat\u00e9riel, a insist\u00e9 le ministre.<\/p>\n<p>Cette r\u00e9alit\u00e9, poursuit-il, exige la f\u00e9d\u00e9ration des efforts pour effectuer un diagnostic et mettre en place un plan d\u2019action et une strat\u00e9gie efficace bas\u00e9e sur les exp\u00e9riences pilotes et r\u00e9ussies, tout en adoptant une vision proactive de nature \u00e0 contribuer \u00e0 la mise en \u0153uvre de la strat\u00e9gie de l\u2019ANRUR et am\u00e9liorer la paysage architectural et civilisationnel en application des Hautes instructions de SM le Roi Mohammed VI, qui ne cesse d\u2019accorder une grande attention au patrimoine architectural et urbanistique du Royaume.<\/p>\n<p>A rappeler que l\u2019\u00e9tude relative \u00e0 la Strat\u00e9gie d\u2019Intervention de l\u2019ANRUR \u00e0 l\u2019horizon 2030 a comme objectifs sp\u00e9cifiques de proposer une vision strat\u00e9gique int\u00e9gr\u00e9e d\u2019intervention de l\u2019Agence et sa d\u00e9clinaison en axes strat\u00e9giques, en d\u00e9terminant la d\u00e9marche de construction de cette vision et en impliquant l\u2019ensemble des acteurs concern\u00e9s, d\u2019identifier le positionnement du r\u00f4le de l\u2019Agence \u00e0 l\u2019int\u00e9rieur d\u2019un syst\u00e8me d\u2019acteurs \u0153uvrant dans le domaine de la r\u00e9novation urbaine et la r\u00e9habilitation des b\u00e2timents mena\u00e7ant ruine.<\/p>\n<p>Il s\u2019agit aussi d\u2019identifier les mesures d\u2019accompagnement \u00e0 entreprendre afin d\u2019atteindre les objectifs requis notamment des mesures pour am\u00e9liorer le cadre institutionnel, social, juridique, financier, partenariat et de coop\u00e9ration, communication, formation, \u00e9tablir un plan d\u2019action et une feuille de route pour la mise en \u0153uvre de cette strat\u00e9gie, proposer les grandes orientations d\u2019un plan de communication de l\u2019Agence, le mode de gouvernance appropri\u00e9 et des m\u00e9canismes de suivi et d\u2019\u00e9valuation de mise en \u0153uvre de la strat\u00e9gie \u00e0 travers un ensemble d\u2019indicateurs propos\u00e9s.<\/p>\n<p>La premi\u00e8re phase de cette \u00e9tude relative \u00e0 \u00ab\u00a0l\u2019\u00e9tat des lieux et diagnostic g\u00e9n\u00e9ral\u00a0\u00bb est au centre de ces consultations territoriales dans les 12 r\u00e9gions du Royaume, afin d\u2019impliquer les acteurs locaux, les repr\u00e9sentants des d\u00e9partements minist\u00e9riels concern\u00e9s, la soci\u00e9t\u00e9 civile et les personnes ressources dans la construction de cette strat\u00e9gie et de d\u00e9battre des questions relatives \u00e0 la r\u00e9novation urbaine et \u00e0 la probl\u00e9matique des b\u00e2timents mena\u00e7ant ruine.<\/p>\n<\/div>\n<p>Auteur: Mohammed KOURSI<br \/>\n<a href=\"http:\/\/www.mapmarrakech.ma\/fr\/medina-pres-de-5-000-habitats-menacant-ruine-traites\/\">Cliquez ici pour lire l&rsquo;article depuis sa source.<\/a><\/p>\n","protected":false},"excerpt":{"rendered":"<p>Marrakech- Les diff\u00e9rents programmes de r\u00e9habilitation des b\u00e2timents mena\u00e7ant ruine ont permis de traiter depuis 2006, pr\u00e8s de 5.000 habitats au profit de 7.000 familles r\u00e9sidant dans la M\u00e9dina de Marrakech, a soulign\u00e9, lundi dans la cit\u00e9 ocre, le ministre de l\u2019Am\u00e9nagement du Territoire national, de l\u2019Urbanisme, de l\u2019Habitat et de la Politique de la [&hellip;]<\/p>\n","protected":false},"author":1788,"featured_media":0,"comment_status":"closed","ping_status":"closed","sticky":false,"template":"","format":"standard","meta":{"fifu_image_url":"","fifu_image_alt":"","footnotes":""},"categories":[54,76],"tags":[],"class_list":["post-62168","post","type-post","status-publish","format-standard","hentry","category-maroc","category-regions"],"_links":{"self":[{"href":"https:\/\/linitiative.ca\/International\/wp-json\/wp\/v2\/posts\/62168","targetHints":{"allow":["GET"]}}],"collection":[{"href":"https:\/\/linitiative.ca\/International\/wp-json\/wp\/v2\/posts"}],"about":[{"href":"https:\/\/linitiative.ca\/International\/wp-json\/wp\/v2\/types\/post"}],"author":[{"embeddable":true,"href":"https:\/\/linitiative.ca\/International\/wp-json\/wp\/v2\/users\/1788"}],"replies":[{"embeddable":true,"href":"https:\/\/linitiative.ca\/International\/wp-json\/wp\/v2\/comments?post=62168"}],"version-history":[{"count":0,"href":"https:\/\/linitiative.ca\/International\/wp-json\/wp\/v2\/posts\/62168\/revisions"}],"wp:attachment":[{"href":"https:\/\/linitiative.ca\/International\/wp-json\/wp\/v2\/media?parent=62168"}],"wp:term":[{"taxonomy":"category","embeddable":true,"href":"https:\/\/linitiative.ca\/International\/wp-json\/wp\/v2\/categories?post=62168"},{"taxonomy":"post_tag","embeddable":true,"href":"https:\/\/linitiative.ca\/International\/wp-json\/wp\/v2\/tags?post=62168"}],"curies":[{"name":"wp","href":"https:\/\/api.w.org\/{rel}","templated":true}]}}