{"id":62169,"date":"2019-09-24T04:28:59","date_gmt":"2019-09-24T08:28:59","guid":{"rendered":"https:\/\/linitiative.ca\/International\/essaouira-mobilisation-pour-le-nettoyage-de-la-plage\/"},"modified":"2019-09-24T04:28:59","modified_gmt":"2019-09-24T08:28:59","slug":"essaouira-mobilisation-pour-le-nettoyage-de-la-plage","status":"publish","type":"post","link":"https:\/\/linitiative.ca\/International\/essaouira-mobilisation-pour-le-nettoyage-de-la-plage\/","title":{"rendered":"Essaouira: Mobilisation pour le nettoyage de la plage"},"content":{"rendered":"<div readability=\"36\">\n<p>Essaouira- Plusieurs acteurs locaux issus de diff\u00e9rents horizons se sont mobilis\u00e9s, le weekend dernier \u00e0 Essaouira, dans le cadre d\u2019une grande op\u00e9ration citoyenne et \u00e9cologique portant sur le nettoyage de la plage de la cit\u00e9 des Aliz\u00e9s.<\/p>\n<\/div>\n<div readability=\"86\">\n<p>Cette initiative, sign\u00e9e \u00a0\u00bbBeach Cleaning\u00a0Essaouira\u00a0\u00bb et \u00a0\u00bble Festival International du Vent\u00a0\u00bb, s\u2019inscrit dans le cadre de la c\u00e9l\u00e9bration de la Journ\u00e9e Mondiale du Nettoyage de la Plan\u00e8te.<\/p>\n<p>Elle s\u2019ins\u00e8re \u00e9galement dans le sillage des efforts inlassables d\u00e9ploy\u00e9s par diff\u00e9rents acteurs pour pr\u00e9server ce site strat\u00e9gique et renforcer son attractivit\u00e9 touristique. D\u2019ailleurs, la plage d\u2019Essaouira\u00a0a \u00e9t\u00e9 labellis\u00e9e pour la quinzi\u00e8me ann\u00e9e cons\u00e9cutive \u00a0\u00bbPavillon Bleu\u00a0\u00bb.<\/p>\n<p>Ce sont quelque 215 personnes, dont 75 enfants, qui se sont mobilis\u00e9es pour cette grande action solidaire, pr\u00e9cisent les organisateurs de cette initiative, faisant observer que plus d\u2019une centaine de sacs ont \u00e9t\u00e9 remplis par les participants et r\u00e9cup\u00e9r\u00e9s par la soci\u00e9t\u00e9 Ozone, partenaire de l\u2019op\u00e9ration.<\/p>\n<p>Au-del\u00e0 de cet aspect quantitatif, l\u2019objectif recherch\u00e9 via cette initiative a \u00e9t\u00e9 donc de sensibiliser les enfants \u00e0 la reconnaissance des d\u00e9chets et par l\u00e0, les inciter \u00e0 l\u2019imp\u00e9ratif de modifier leurs comportements, ajoute-t-on de m\u00eame source.<\/p>\n<p>Au terme de cette action \u00e9cologique, les enfants participants ont eu droit \u00e0 une s\u00e9rie de s\u00e9ances d\u2019initiation au surf, anim\u00e9es et encadr\u00e9es par des moniteurs professionnels affili\u00e9s \u00e0 huit Clubs nautiques partenaires \u00e0 savoir : \u00ab\u00a0Atlantic Zine\u00a0\u00bb, \u00ab\u00a0Bleu Kite\u00a0\u00bb, \u00ab\u00a0le Club Royal de Planches \u00e0 Voile\u00a0\u00bb, \u00ab\u00a0Explora\u00a0\u00bb, \u00ab\u00a0Essaouira\u00a0Water Sports\u00a0\u00bb, \u00ab\u00a0Ion Club\u00a0\u00bb, \u00ab\u00a0Kite Maroc\u00a0\u00bb, \u00ab\u00a0Kite Paradise\u00a0\u00bb et \u00a0\u00bb The Spot Yousurf\u00a0\u00bb.<\/p>\n<p>Au menu de cette journ\u00e9e \u00a0\u00bbcleaning Beach\u00a0\u00bb figuraient \u00e9galement une s\u00e9rie de matches de football et de volley-ball, outre des s\u00e9ances de trampoline et de tirs \u00e0 l\u2019arc, autant d\u2019activit\u00e9s propos\u00e9es \u00e9galement aux enfants par le Club Royal de Badmington au cours de cet \u00e9v\u00e9nement ludique et p\u00e9dagogique, notent les organisateurs.<\/p>\n<p>\u00ab\u00a0Une manifestation dont la premi\u00e8re \u00e9dition aura \u00e9t\u00e9 un succ\u00e8s tant par la mobilisation citoyenne de nombreuses organisations souiries que par le bonheur des enfants d\u2019avoir pu y participer\u00a0\u00bb, ajoute-t-on.<\/p>\n<\/div>\n<p>Auteur: Mohammed KOURSI<br \/>\n<a href=\"http:\/\/www.mapmarrakech.ma\/fr\/essaouira-mobilisation-pour-le-nettoyage-de-la-plage\/\">Cliquez ici pour lire l&rsquo;article depuis sa source.<\/a><\/p>\n","protected":false},"excerpt":{"rendered":"<p>Essaouira- Plusieurs acteurs locaux issus de diff\u00e9rents horizons se sont mobilis\u00e9s, le weekend dernier \u00e0 Essaouira, dans le cadre d\u2019une grande op\u00e9ration citoyenne et \u00e9cologique portant sur le nettoyage de la plage de la cit\u00e9 des Aliz\u00e9s. Cette initiative, sign\u00e9e \u00a0\u00bbBeach Cleaning\u00a0Essaouira\u00a0\u00bb et \u00a0\u00bble Festival International du Vent\u00a0\u00bb, s\u2019inscrit dans le cadre de la c\u00e9l\u00e9bration [&hellip;]<\/p>\n","protected":false},"author":1788,"featured_media":0,"comment_status":"closed","ping_status":"closed","sticky":false,"template":"","format":"standard","meta":{"fifu_image_url":"","fifu_image_alt":"","footnotes":""},"categories":[54,76],"tags":[],"class_list":["post-62169","post","type-post","status-publish","format-standard","hentry","category-maroc","category-regions"],"_links":{"self":[{"href":"https:\/\/linitiative.ca\/International\/wp-json\/wp\/v2\/posts\/62169","targetHints":{"allow":["GET"]}}],"collection":[{"href":"https:\/\/linitiative.ca\/International\/wp-json\/wp\/v2\/posts"}],"about":[{"href":"https:\/\/linitiative.ca\/International\/wp-json\/wp\/v2\/types\/post"}],"author":[{"embeddable":true,"href":"https:\/\/linitiative.ca\/International\/wp-json\/wp\/v2\/users\/1788"}],"replies":[{"embeddable":true,"href":"https:\/\/linitiative.ca\/International\/wp-json\/wp\/v2\/comments?post=62169"}],"version-history":[{"count":0,"href":"https:\/\/linitiative.ca\/International\/wp-json\/wp\/v2\/posts\/62169\/revisions"}],"wp:attachment":[{"href":"https:\/\/linitiative.ca\/International\/wp-json\/wp\/v2\/media?parent=62169"}],"wp:term":[{"taxonomy":"category","embeddable":true,"href":"https:\/\/linitiative.ca\/International\/wp-json\/wp\/v2\/categories?post=62169"},{"taxonomy":"post_tag","embeddable":true,"href":"https:\/\/linitiative.ca\/International\/wp-json\/wp\/v2\/tags?post=62169"}],"curies":[{"name":"wp","href":"https:\/\/api.w.org\/{rel}","templated":true}]}}