{"id":62170,"date":"2019-09-24T06:52:21","date_gmt":"2019-09-24T10:52:21","guid":{"rendered":"https:\/\/linitiative.ca\/International\/la-strategie-de-lanrur-en-consultation-regionale\/"},"modified":"2019-09-24T06:52:21","modified_gmt":"2019-09-24T10:52:21","slug":"la-strategie-de-lanrur-en-consultation-regionale","status":"publish","type":"post","link":"https:\/\/linitiative.ca\/International\/la-strategie-de-lanrur-en-consultation-regionale\/","title":{"rendered":"La Strat\u00e9gie de l\u2019ANRUR en consultation r\u00e9gionale"},"content":{"rendered":"<p><iframe loading=\"lazy\" width=\"1170\" height=\"658\" src=\"https:\/\/www.youtube.com\/embed\/9SUiIZpmj34?feature=oembed\" frameborder=\"0\" allow=\"accelerometer; autoplay; encrypted-media; gyroscope; picture-in-picture\" allowfullscreen=\"\">[embedded content]<\/iframe><\/p>\n<div class=\"single-post-excerpt post-excerpt-bc\" readability=\"39\">\n<p>La consultation r\u00e9gionale de l\u2019\u00e9tude relative \u00e0 la Strat\u00e9gie d\u2019Intervention de l\u2019Agence nationale pour la r\u00e9novation urbaine et la r\u00e9habilitation des b\u00e2timents mena\u00e7ant ruine (ANRUR) \u00e0 l\u2019horizon 2030 dans la r\u00e9gion Marrakech-Safi a \u00e9t\u00e9 tenue \u00e0 la cit\u00e9 ocre, en pr\u00e9sence du ministre de l\u2019Am\u00e9nagement du Territoire National, de l\u2019Urbanisme, de l\u2019Habitat et de la Politique de la Ville, Abdelahad Fassi Fihri<\/p>\n<\/div>\n<p>Auteur: Mohammed KOURSI<br \/>\n<a href=\"http:\/\/www.mapmarrakech.ma\/fr\/la-strategie-de-lanrur-en-consultation-regionale-2\/\">Cliquez ici pour lire l&rsquo;article depuis sa source.<\/a><\/p>\n","protected":false},"excerpt":{"rendered":"<p>[embedded content] La consultation r\u00e9gionale de l\u2019\u00e9tude relative \u00e0 la Strat\u00e9gie d\u2019Intervention de l\u2019Agence nationale pour la r\u00e9novation urbaine et la r\u00e9habilitation des b\u00e2timents mena\u00e7ant ruine (ANRUR) \u00e0 l\u2019horizon 2030 dans la r\u00e9gion Marrakech-Safi a \u00e9t\u00e9 tenue \u00e0 la cit\u00e9 ocre, en pr\u00e9sence du ministre de l\u2019Am\u00e9nagement du Territoire National, de l\u2019Urbanisme, de l\u2019Habitat et [&hellip;]<\/p>\n","protected":false},"author":1788,"featured_media":0,"comment_status":"closed","ping_status":"closed","sticky":false,"template":"","format":"standard","meta":{"fifu_image_url":"","fifu_image_alt":"","footnotes":""},"categories":[54,76],"tags":[],"class_list":["post-62170","post","type-post","status-publish","format-standard","hentry","category-maroc","category-regions"],"_links":{"self":[{"href":"https:\/\/linitiative.ca\/International\/wp-json\/wp\/v2\/posts\/62170","targetHints":{"allow":["GET"]}}],"collection":[{"href":"https:\/\/linitiative.ca\/International\/wp-json\/wp\/v2\/posts"}],"about":[{"href":"https:\/\/linitiative.ca\/International\/wp-json\/wp\/v2\/types\/post"}],"author":[{"embeddable":true,"href":"https:\/\/linitiative.ca\/International\/wp-json\/wp\/v2\/users\/1788"}],"replies":[{"embeddable":true,"href":"https:\/\/linitiative.ca\/International\/wp-json\/wp\/v2\/comments?post=62170"}],"version-history":[{"count":0,"href":"https:\/\/linitiative.ca\/International\/wp-json\/wp\/v2\/posts\/62170\/revisions"}],"wp:attachment":[{"href":"https:\/\/linitiative.ca\/International\/wp-json\/wp\/v2\/media?parent=62170"}],"wp:term":[{"taxonomy":"category","embeddable":true,"href":"https:\/\/linitiative.ca\/International\/wp-json\/wp\/v2\/categories?post=62170"},{"taxonomy":"post_tag","embeddable":true,"href":"https:\/\/linitiative.ca\/International\/wp-json\/wp\/v2\/tags?post=62170"}],"curies":[{"name":"wp","href":"https:\/\/api.w.org\/{rel}","templated":true}]}}