{"id":62171,"date":"2019-09-24T07:10:05","date_gmt":"2019-09-24T11:10:05","guid":{"rendered":"https:\/\/linitiative.ca\/International\/le-patrimoine-local-au-coeur-des-etudes-darchitecture\/"},"modified":"2019-09-24T07:10:05","modified_gmt":"2019-09-24T11:10:05","slug":"le-patrimoine-local-au-coeur-des-etudes-darchitecture","status":"publish","type":"post","link":"https:\/\/linitiative.ca\/International\/le-patrimoine-local-au-coeur-des-etudes-darchitecture\/","title":{"rendered":"Le patrimoine local au c\u0153ur des \u00e9tudes d\u2019architecture"},"content":{"rendered":"<p><iframe loading=\"lazy\" width=\"1170\" height=\"658\" src=\"https:\/\/www.youtube.com\/embed\/K7lBS9Li_Pw?feature=oembed\" frameborder=\"0\" allow=\"accelerometer; autoplay; encrypted-media; gyroscope; picture-in-picture\" allowfullscreen=\"\">[embedded content]<\/iframe><\/p>\n<div class=\"single-post-excerpt post-excerpt-bc\" readability=\"42\">\n<p>La pr\u00e9servation du patrimoine architectural local est plac\u00e9e au c\u0153ur des \u00e9tudes d\u2019architecture a soulign\u00e9, \u00e0 Marrakech, le ministre de l\u2019Am\u00e9nagement du territoire national, de l\u2019Urbanisme, de l\u2019Habitat et de la Politique de la Ville, Abdelahad Fassi Fihri, lors d\u2019une rencontre de communication organis\u00e9e par l\u2019\u00e9cole Nationale d\u2019Architecture de Marrakech (ENAM), \u00e0 l\u2019occasion de la rentr\u00e9e universitaire 2019-2020.<\/p>\n<\/div>\n<p>Auteur: Mohammed KOURSI<br \/>\n<a href=\"http:\/\/www.mapmarrakech.ma\/fr\/le-patrimoine-local-au-coeur-des-etudes-darchitecture-2\/\">Cliquez ici pour lire l&rsquo;article depuis sa source.<\/a><\/p>\n","protected":false},"excerpt":{"rendered":"<p>[embedded content] La pr\u00e9servation du patrimoine architectural local est plac\u00e9e au c\u0153ur des \u00e9tudes d\u2019architecture a soulign\u00e9, \u00e0 Marrakech, le ministre de l\u2019Am\u00e9nagement du territoire national, de l\u2019Urbanisme, de l\u2019Habitat et de la Politique de la Ville, Abdelahad Fassi Fihri, lors d\u2019une rencontre de communication organis\u00e9e par l\u2019\u00e9cole Nationale d\u2019Architecture de Marrakech (ENAM), \u00e0 l\u2019occasion [&hellip;]<\/p>\n","protected":false},"author":1788,"featured_media":0,"comment_status":"closed","ping_status":"closed","sticky":false,"template":"","format":"standard","meta":{"fifu_image_url":"","fifu_image_alt":"","footnotes":""},"categories":[54,76],"tags":[],"class_list":["post-62171","post","type-post","status-publish","format-standard","hentry","category-maroc","category-regions"],"_links":{"self":[{"href":"https:\/\/linitiative.ca\/International\/wp-json\/wp\/v2\/posts\/62171","targetHints":{"allow":["GET"]}}],"collection":[{"href":"https:\/\/linitiative.ca\/International\/wp-json\/wp\/v2\/posts"}],"about":[{"href":"https:\/\/linitiative.ca\/International\/wp-json\/wp\/v2\/types\/post"}],"author":[{"embeddable":true,"href":"https:\/\/linitiative.ca\/International\/wp-json\/wp\/v2\/users\/1788"}],"replies":[{"embeddable":true,"href":"https:\/\/linitiative.ca\/International\/wp-json\/wp\/v2\/comments?post=62171"}],"version-history":[{"count":0,"href":"https:\/\/linitiative.ca\/International\/wp-json\/wp\/v2\/posts\/62171\/revisions"}],"wp:attachment":[{"href":"https:\/\/linitiative.ca\/International\/wp-json\/wp\/v2\/media?parent=62171"}],"wp:term":[{"taxonomy":"category","embeddable":true,"href":"https:\/\/linitiative.ca\/International\/wp-json\/wp\/v2\/categories?post=62171"},{"taxonomy":"post_tag","embeddable":true,"href":"https:\/\/linitiative.ca\/International\/wp-json\/wp\/v2\/tags?post=62171"}],"curies":[{"name":"wp","href":"https:\/\/api.w.org\/{rel}","templated":true}]}}