{"id":62173,"date":"2019-09-24T15:13:56","date_gmt":"2019-09-24T19:13:56","guid":{"rendered":"https:\/\/linitiative.ca\/International\/international-real-zidane-dans-la-difficulte-tu-apprends-beaucoup\/"},"modified":"2019-09-24T15:13:56","modified_gmt":"2019-09-24T19:13:56","slug":"international-real-zidane-dans-la-difficulte-tu-apprends-beaucoup","status":"publish","type":"post","link":"https:\/\/linitiative.ca\/International\/international-real-zidane-dans-la-difficulte-tu-apprends-beaucoup\/","title":{"rendered":"International : Real &#8211; Zidane : \u00ab\u00a0Dans la difficult\u00e9 tu apprends beaucoup\u00a0\u00bb"},"content":{"rendered":"<div readability=\"32\">\n<p>Auteur : <span class=\"time\">mardi 24 septembre 2019 13:40<\/span><\/p>\n<\/div>\n<div id=\"post_core\" readability=\"50\">\n<p>Le d\u00e9but de saison poussif du Real Madrid pourrait co\u00fbter cher \u00e0 Zinedine Zidane. L\u2019humiliation subie au Parc des Princes contre le PSG (0-3) a fait tr\u00e8s mal aux Madril\u00e8nes. Toutefois, la victoire sur la pelouse du FC S\u00e9ville, alors leader de Liga, a calm\u00e9 les ardeurs de la direction madril\u00e8ne. Quoi qu\u2019il en soit, le technicien fran\u00e7ais continue d\u2019afficher sa motivation :<\/p>\n<p>\u00ab\u00a0Je me sens toujours aussi fort. C\u2019\u00e9tait pareil en tant que joueur et je me souviens de matches durant lesquels j\u2019avais \u00e9t\u00e9 tr\u00e8s mauvais, mais j\u2019essayais toujours de donner le maximum sur le terrain en tant que joueur, et sur le banc c\u2019est pareil. Ensuite, tout peut arriver dans la vie. Et dans la difficult\u00e9 tu apprends beaucoup\u00a0\u00bb, confie Zinedine Zidane en conf\u00e9rence de presse et comme le rapporte Le10sport.<\/p>\n<p><strong>Publi\u00e9 dans :<\/strong> <span>real madrid<\/span><\/p>\n<\/div>\n<p>Auteur:<br \/>\n<a href=\"http:\/\/www.lebuteur.com\/article\/detail?titre=real-zidane-dans-la-difficulte-tu-apprends-beaucoup&#038;id=91892&#038;utm_source=feedburner&#038;utm_medium=feed&#038;utm_campaign=Feed%3A+GalerieFArtciles+%28Les+derniers+articles++-+lebuteur.com%29\">Cliquez ici pour lire l&rsquo;article depuis sa source.<\/a><\/p>\n","protected":false},"excerpt":{"rendered":"<p>Auteur : mardi 24 septembre 2019 13:40 Le d\u00e9but de saison poussif du Real Madrid pourrait co\u00fbter cher \u00e0 Zinedine Zidane. L\u2019humiliation subie au Parc des Princes contre le PSG (0-3) a fait tr\u00e8s mal aux Madril\u00e8nes. Toutefois, la victoire sur la pelouse du FC S\u00e9ville, alors leader de Liga, a calm\u00e9 les ardeurs de [&hellip;]<\/p>\n","protected":false},"author":1738,"featured_media":62174,"comment_status":"closed","ping_status":"closed","sticky":false,"template":"","format":"standard","meta":{"fifu_image_url":"","fifu_image_alt":"","footnotes":""},"categories":[53,75],"tags":[],"class_list":["post-62173","post","type-post","status-publish","format-standard","has-post-thumbnail","hentry","category-algerie","category-sport"],"_links":{"self":[{"href":"https:\/\/linitiative.ca\/International\/wp-json\/wp\/v2\/posts\/62173","targetHints":{"allow":["GET"]}}],"collection":[{"href":"https:\/\/linitiative.ca\/International\/wp-json\/wp\/v2\/posts"}],"about":[{"href":"https:\/\/linitiative.ca\/International\/wp-json\/wp\/v2\/types\/post"}],"author":[{"embeddable":true,"href":"https:\/\/linitiative.ca\/International\/wp-json\/wp\/v2\/users\/1738"}],"replies":[{"embeddable":true,"href":"https:\/\/linitiative.ca\/International\/wp-json\/wp\/v2\/comments?post=62173"}],"version-history":[{"count":0,"href":"https:\/\/linitiative.ca\/International\/wp-json\/wp\/v2\/posts\/62173\/revisions"}],"wp:featuredmedia":[{"embeddable":true,"href":"https:\/\/linitiative.ca\/International\/wp-json\/"}],"wp:attachment":[{"href":"https:\/\/linitiative.ca\/International\/wp-json\/wp\/v2\/media?parent=62173"}],"wp:term":[{"taxonomy":"category","embeddable":true,"href":"https:\/\/linitiative.ca\/International\/wp-json\/wp\/v2\/categories?post=62173"},{"taxonomy":"post_tag","embeddable":true,"href":"https:\/\/linitiative.ca\/International\/wp-json\/wp\/v2\/tags?post=62173"}],"curies":[{"name":"wp","href":"https:\/\/api.w.org\/{rel}","templated":true}]}}