{"id":62177,"date":"2019-09-24T15:14:00","date_gmt":"2019-09-24T19:14:00","guid":{"rendered":"https:\/\/linitiative.ca\/International\/pros-mhsc-delort-lance-le-derby\/"},"modified":"2019-09-24T15:14:00","modified_gmt":"2019-09-24T19:14:00","slug":"pros-mhsc-delort-lance-le-derby","status":"publish","type":"post","link":"https:\/\/linitiative.ca\/International\/pros-mhsc-delort-lance-le-derby\/","title":{"rendered":"Pros : MHSC: Delort lance le derby"},"content":{"rendered":"<div readability=\"32\">\n<p>Auteur : <span class=\"time\">mardi 24 septembre 2019 17:04<\/span><\/p>\n<\/div>\n<div id=\"post_core\" readability=\"51\">\n<p>Michel Der Zakarian et Andy Delort se sont succ\u00e9d\u00e9s en conf\u00e9rence de presse, ce mardi matin, \u00e0 la veille de leur premier derby de la saison face \u00e0 N\u00eemes. L&rsquo;attaquant Montpelli\u00e9rain, qui a \u00e9volu\u00e9 chez les Crocos au d\u00e9but de sa carri\u00e8re (2009-2010), a \u00e9voqu\u00e9 un \u00ab\u00a0match particulier\u00a0\u00bb pour lui, ce qui ne l&rsquo;avait pas emp\u00each\u00e9 de marquer \u00e0 l&rsquo;aller (victoire 3-0) et au retour (1-1) la saison derni\u00e8re. \u00ab\u00a0A partir de demain matin, je rentrerai dans ma bulle pour ce match particulier pour moi. On est pr\u00eat, on sera pr\u00e9sent, on esp\u00e8re que le public sera l\u00e0 pour nous transcender comme l&rsquo;an dernier et faire un match de guerriers.\u00a0\u00bb L&rsquo;entra\u00eeneur Pailladin a lui aussi tenu \u00e0 lancer un appel au public, qu&rsquo;il attend en nombre \u00e0 la Mosson malgr\u00e9 une programmation particuli\u00e8re, en milieu de semaine \u00e0 19h. \u00ab\u00a0Si le stade n&rsquo;est pas plein, c&rsquo;est dommageable. Ne pas le remplir pour le derby, c&rsquo;est s\u00fbr que c&rsquo;est dommage\u00a0\u00bb, a d\u00e9plor\u00e9 Der Zakarian. \u00ab\u00a0Un stade, c&rsquo;est fait pour avoir ton public derri\u00e8re toi quand tu joues.\u00a0\u00bb Rappelons que les supporters Gardois, eux, ont \u00e9t\u00e9 interdits de d\u00e9placement rapporte madeinfoot.com.<\/p>\n<p><strong>Publi\u00e9 dans :<\/strong> <span>Delort<\/span><\/p>\n<\/div>\n<p>Auteur:<br \/>\n<a href=\"http:\/\/www.lebuteur.com\/article\/detail?titre=mhsc-delort-lance-le-derby&#038;id=91894&#038;utm_source=feedburner&#038;utm_medium=feed&#038;utm_campaign=Feed%3A+GalerieFArtciles+%28Les+derniers+articles++-+lebuteur.com%29\">Cliquez ici pour lire l&rsquo;article depuis sa source.<\/a><\/p>\n","protected":false},"excerpt":{"rendered":"<p>Auteur : mardi 24 septembre 2019 17:04 Michel Der Zakarian et Andy Delort se sont succ\u00e9d\u00e9s en conf\u00e9rence de presse, ce mardi matin, \u00e0 la veille de leur premier derby de la saison face \u00e0 N\u00eemes. L&rsquo;attaquant Montpelli\u00e9rain, qui a \u00e9volu\u00e9 chez les Crocos au d\u00e9but de sa carri\u00e8re (2009-2010), a \u00e9voqu\u00e9 un \u00ab\u00a0match particulier\u00a0\u00bb [&hellip;]<\/p>\n","protected":false},"author":1738,"featured_media":62178,"comment_status":"closed","ping_status":"closed","sticky":false,"template":"","format":"standard","meta":{"fifu_image_url":"","fifu_image_alt":"","footnotes":""},"categories":[53,75],"tags":[],"class_list":["post-62177","post","type-post","status-publish","format-standard","has-post-thumbnail","hentry","category-algerie","category-sport"],"_links":{"self":[{"href":"https:\/\/linitiative.ca\/International\/wp-json\/wp\/v2\/posts\/62177","targetHints":{"allow":["GET"]}}],"collection":[{"href":"https:\/\/linitiative.ca\/International\/wp-json\/wp\/v2\/posts"}],"about":[{"href":"https:\/\/linitiative.ca\/International\/wp-json\/wp\/v2\/types\/post"}],"author":[{"embeddable":true,"href":"https:\/\/linitiative.ca\/International\/wp-json\/wp\/v2\/users\/1738"}],"replies":[{"embeddable":true,"href":"https:\/\/linitiative.ca\/International\/wp-json\/wp\/v2\/comments?post=62177"}],"version-history":[{"count":0,"href":"https:\/\/linitiative.ca\/International\/wp-json\/wp\/v2\/posts\/62177\/revisions"}],"wp:featuredmedia":[{"embeddable":true,"href":"https:\/\/linitiative.ca\/International\/wp-json\/"}],"wp:attachment":[{"href":"https:\/\/linitiative.ca\/International\/wp-json\/wp\/v2\/media?parent=62177"}],"wp:term":[{"taxonomy":"category","embeddable":true,"href":"https:\/\/linitiative.ca\/International\/wp-json\/wp\/v2\/categories?post=62177"},{"taxonomy":"post_tag","embeddable":true,"href":"https:\/\/linitiative.ca\/International\/wp-json\/wp\/v2\/tags?post=62177"}],"curies":[{"name":"wp","href":"https:\/\/api.w.org\/{rel}","templated":true}]}}