{"id":62179,"date":"2019-09-24T15:14:02","date_gmt":"2019-09-24T19:14:02","guid":{"rendered":"https:\/\/linitiative.ca\/International\/pros-angers-sco-el-melali-absent-pour-le-deplacement-a-toulouse\/"},"modified":"2019-09-24T15:14:02","modified_gmt":"2019-09-24T19:14:02","slug":"pros-angers-sco-el-melali-absent-pour-le-deplacement-a-toulouse","status":"publish","type":"post","link":"https:\/\/linitiative.ca\/International\/pros-angers-sco-el-melali-absent-pour-le-deplacement-a-toulouse\/","title":{"rendered":"Pros : Angers SCO: El Melali absent pour le d\u00e9placement \u00e0 Toulouse"},"content":{"rendered":"<div readability=\"32\">\n<p>Auteur : <span class=\"time\">mardi 24 septembre 2019 17:05<\/span><\/p>\n<\/div>\n<div id=\"post_core\" readability=\"42\">\n<p>St\u00e9phane Moulin ne change presque pas une \u00e9quipe qui gagne. Pour ce d\u00e9placement \u00e0 Toulouse, ce mercredi, l\u2019entra\u00eeneur angevin a d\u00e9cid\u00e9 de convoquer de 17 des 18 joueurs qui ont battu Saint-Etienne, dimanche (4-1). Seul Rayan A\u00eft-Nouri manque \u00e0 l\u2019appel. Le jeune d\u00e9fenseur gauche, qui souffre l\u00e9g\u00e8rement d\u2019un mollet, est pr\u00e9serv\u00e9. Il est remplac\u00e9 dans le groupe par Th\u00e9o Pellenard. Alors que Farid El Melali et Abdoulaye Bamba sont toujours en reprise et absents, Wilfried Kanga int\u00e8gre le groupe, qui comporte donc 19 unit\u00e9s rapporte Ouest-France.<\/p>\n<p><strong>Publi\u00e9 dans :<\/strong> <span>El Melali<\/span><\/p>\n<\/div>\n<p>Auteur:<br \/>\n<a href=\"http:\/\/www.lebuteur.com\/article\/detail?titre=angers-sco-el-melali-absent-pour-le-deplacement-a-toulouse&#038;id=91895&#038;utm_source=feedburner&#038;utm_medium=feed&#038;utm_campaign=Feed%3A+GalerieFArtciles+%28Les+derniers+articles++-+lebuteur.com%29\">Cliquez ici pour lire l&rsquo;article depuis sa source.<\/a><\/p>\n","protected":false},"excerpt":{"rendered":"<p>Auteur : mardi 24 septembre 2019 17:05 St\u00e9phane Moulin ne change presque pas une \u00e9quipe qui gagne. Pour ce d\u00e9placement \u00e0 Toulouse, ce mercredi, l\u2019entra\u00eeneur angevin a d\u00e9cid\u00e9 de convoquer de 17 des 18 joueurs qui ont battu Saint-Etienne, dimanche (4-1). Seul Rayan A\u00eft-Nouri manque \u00e0 l\u2019appel. Le jeune d\u00e9fenseur gauche, qui souffre l\u00e9g\u00e8rement d\u2019un [&hellip;]<\/p>\n","protected":false},"author":1738,"featured_media":62180,"comment_status":"closed","ping_status":"closed","sticky":false,"template":"","format":"standard","meta":{"fifu_image_url":"","fifu_image_alt":"","footnotes":""},"categories":[53,75],"tags":[],"class_list":["post-62179","post","type-post","status-publish","format-standard","has-post-thumbnail","hentry","category-algerie","category-sport"],"_links":{"self":[{"href":"https:\/\/linitiative.ca\/International\/wp-json\/wp\/v2\/posts\/62179","targetHints":{"allow":["GET"]}}],"collection":[{"href":"https:\/\/linitiative.ca\/International\/wp-json\/wp\/v2\/posts"}],"about":[{"href":"https:\/\/linitiative.ca\/International\/wp-json\/wp\/v2\/types\/post"}],"author":[{"embeddable":true,"href":"https:\/\/linitiative.ca\/International\/wp-json\/wp\/v2\/users\/1738"}],"replies":[{"embeddable":true,"href":"https:\/\/linitiative.ca\/International\/wp-json\/wp\/v2\/comments?post=62179"}],"version-history":[{"count":0,"href":"https:\/\/linitiative.ca\/International\/wp-json\/wp\/v2\/posts\/62179\/revisions"}],"wp:featuredmedia":[{"embeddable":true,"href":"https:\/\/linitiative.ca\/International\/wp-json\/"}],"wp:attachment":[{"href":"https:\/\/linitiative.ca\/International\/wp-json\/wp\/v2\/media?parent=62179"}],"wp:term":[{"taxonomy":"category","embeddable":true,"href":"https:\/\/linitiative.ca\/International\/wp-json\/wp\/v2\/categories?post=62179"},{"taxonomy":"post_tag","embeddable":true,"href":"https:\/\/linitiative.ca\/International\/wp-json\/wp\/v2\/tags?post=62179"}],"curies":[{"name":"wp","href":"https:\/\/api.w.org\/{rel}","templated":true}]}}