{"id":62181,"date":"2019-09-24T15:14:03","date_gmt":"2019-09-24T19:14:03","guid":{"rendered":"https:\/\/linitiative.ca\/International\/pros-monaco-nice-slimani-atal-et-ounas-titulaires-boudaoui-sur-le-banc\/"},"modified":"2019-09-24T15:14:03","modified_gmt":"2019-09-24T19:14:03","slug":"pros-monaco-nice-slimani-atal-et-ounas-titulaires-boudaoui-sur-le-banc","status":"publish","type":"post","link":"https:\/\/linitiative.ca\/International\/pros-monaco-nice-slimani-atal-et-ounas-titulaires-boudaoui-sur-le-banc\/","title":{"rendered":"Pros : Monaco-Nice : Slimani, Atal et Ounas titulaires. Boudaoui sur le banc"},"content":{"rendered":"<div readability=\"32\">\n<p>Auteur : <span class=\"time\">mardi 24 septembre 2019 19:19<\/span><\/p>\n<\/div>\n<div id=\"post_core\" readability=\"55\">\n<p>De retour de blessure, Slimani retrouve sa place de titulaire avec Monaco, \u00e0 l&rsquo;inverse de Ben Yedder, insuffisamment remis et rempla\u00e7ant. Voici les compositions des deux \u00e9quipes.<\/p>\n<p><strong>Monaco :<\/strong> Lecomte &#8211; Maripan, Jemerson, Badiashile \u2013 Martins, Bakayoko, Fabregas (c), Golovin, Dias &#8211; Augustin, Slimani.<\/p>\n<p><strong>Nice :<\/strong> Benitez &#8211; Burner, Pelmard, Sarr, Nsoki &#8211; Tameze, Cyprien (c) \u2013 Atal, Ounas, Claude-Maurice &#8211; Dolberg.<\/p>\n<p><strong>Publi\u00e9 dans :<\/strong> <span>monaco<\/span><\/p>\n<\/div>\n<p>Auteur:<br \/>\n<a href=\"http:\/\/www.lebuteur.com\/article\/detail?titre=monaco-nice-slimani-atal-et-ounas-titulaires-boudaoui-sur-le-banc&#038;id=91896&#038;utm_source=feedburner&#038;utm_medium=feed&#038;utm_campaign=Feed%3A+GalerieFArtciles+%28Les+derniers+articles++-+lebuteur.com%29\">Cliquez ici pour lire l&rsquo;article depuis sa source.<\/a><\/p>\n","protected":false},"excerpt":{"rendered":"<p>Auteur : mardi 24 septembre 2019 19:19 De retour de blessure, Slimani retrouve sa place de titulaire avec Monaco, \u00e0 l&rsquo;inverse de Ben Yedder, insuffisamment remis et rempla\u00e7ant. Voici les compositions des deux \u00e9quipes. Monaco : Lecomte &#8211; Maripan, Jemerson, Badiashile \u2013 Martins, Bakayoko, Fabregas (c), Golovin, Dias &#8211; Augustin, Slimani. Nice : Benitez &#8211; [&hellip;]<\/p>\n","protected":false},"author":1738,"featured_media":62182,"comment_status":"closed","ping_status":"closed","sticky":false,"template":"","format":"standard","meta":{"fifu_image_url":"","fifu_image_alt":"","footnotes":""},"categories":[53,75],"tags":[],"class_list":["post-62181","post","type-post","status-publish","format-standard","has-post-thumbnail","hentry","category-algerie","category-sport"],"_links":{"self":[{"href":"https:\/\/linitiative.ca\/International\/wp-json\/wp\/v2\/posts\/62181","targetHints":{"allow":["GET"]}}],"collection":[{"href":"https:\/\/linitiative.ca\/International\/wp-json\/wp\/v2\/posts"}],"about":[{"href":"https:\/\/linitiative.ca\/International\/wp-json\/wp\/v2\/types\/post"}],"author":[{"embeddable":true,"href":"https:\/\/linitiative.ca\/International\/wp-json\/wp\/v2\/users\/1738"}],"replies":[{"embeddable":true,"href":"https:\/\/linitiative.ca\/International\/wp-json\/wp\/v2\/comments?post=62181"}],"version-history":[{"count":0,"href":"https:\/\/linitiative.ca\/International\/wp-json\/wp\/v2\/posts\/62181\/revisions"}],"wp:featuredmedia":[{"embeddable":true,"href":"https:\/\/linitiative.ca\/International\/wp-json\/"}],"wp:attachment":[{"href":"https:\/\/linitiative.ca\/International\/wp-json\/wp\/v2\/media?parent=62181"}],"wp:term":[{"taxonomy":"category","embeddable":true,"href":"https:\/\/linitiative.ca\/International\/wp-json\/wp\/v2\/categories?post=62181"},{"taxonomy":"post_tag","embeddable":true,"href":"https:\/\/linitiative.ca\/International\/wp-json\/wp\/v2\/tags?post=62181"}],"curies":[{"name":"wp","href":"https:\/\/api.w.org\/{rel}","templated":true}]}}