{"id":62183,"date":"2019-09-23T20:00:00","date_gmt":"2019-09-24T00:00:00","guid":{"rendered":"https:\/\/linitiative.ca\/International\/mesures-au-profit-du-sud-et-des-hauts-plateaux-les-syndicats-de-la-sante-sen-felicitent\/"},"modified":"2019-09-23T20:00:00","modified_gmt":"2019-09-24T00:00:00","slug":"mesures-au-profit-du-sud-et-des-hauts-plateaux-les-syndicats-de-la-sante-sen-felicitent","status":"publish","type":"post","link":"https:\/\/linitiative.ca\/International\/mesures-au-profit-du-sud-et-des-hauts-plateaux-les-syndicats-de-la-sante-sen-felicitent\/","title":{"rendered":"Mesures au profit du Sud et des Hauts-plateaux  :  Les syndicats de la sant\u00e9 s\u2019en f\u00e9licitent"},"content":{"rendered":"<p>Les principaux syndicats relevant du secteur de la sant\u00e9 \u00abse sont f\u00e9licit\u00e9s\u00bb dimanche des mesures, annonc\u00e9es la veille par le gouvernement, au profit des m\u00e9decins exer\u00e7ant dans le Sud du pays et les Hauts-Plateaux, consid\u00e9rant qu\u2019elles traduisent \u00abune volont\u00e9 politique\u00bb, tout en plaidant pour leur application effective sur le terrain.<br \/>\u00abPour peu qu\u2019elles ne soient pas des effets d\u2019annonce, ce sont des d\u00e9cisions tr\u00e8s positives et nous les avons revendiqu\u00e9es depuis longtemps. Le gouvernement s\u2019est finalement rendu compte du vide existant en mati\u00e8re de sp\u00e9cialistes de la sant\u00e9 dans les r\u00e9gions du Sud et des Hauts-Plateaux\u00bb, a d\u2019embl\u00e9e comment\u00e9, dans une d\u00e9claration \u00e0 l\u2019APS, le pr\u00e9sident du Conseil national de l\u2019Ordre des m\u00e9decins alg\u00e9riens, le Dr Mohamed Berkani Bekkat. Tout en consid\u00e9rant que les mesures annonc\u00e9es traduisent \u00abune volont\u00e9 politique\u00bb des autorit\u00e9s, ce dernier s\u2019est notamment f\u00e9licit\u00e9 de la revalorisation du salaire des praticiens, de la lev\u00e9e du gel sur les projets relevant du secteur de la sant\u00e9 et des dispositions inh\u00e9rentes au service civil.<br \/>Cela \u00e9tant, il a sugg\u00e9r\u00e9, s\u2019agissant de la revalorisation du salaire, d\u2019y apporter \u00abplus de visibilit\u00e9 et de clart\u00e9\u00bb, dans la mesure o\u00f9, s\u2019est-il interrog\u00e9, \u00abil s\u2019agit de savoir si cette mesure concerne le salaire de base ou bien les indemnit\u00e9s, auquel cas elle serait moins int\u00e9ressante\u00bb.<br \/>Tout en relevant \u00e9galement \u00abl\u2019importance\u00bb des incitations au profit du secteur priv\u00e9, le Dr Bekkat a d\u00e9plor\u00e9, n\u00e9anmoins, que \u00ables partenaires sociaux n\u2019aient pas \u00e9t\u00e9 associ\u00e9s au pr\u00e9alable dans les d\u00e9cisions prises\u00bb, plaidant pour la n\u00e9cessit\u00e9 \u00abd\u2019en informer les professionnels de la sant\u00e9\u00bb.<br \/>\u00abCela \u00e9tant, l\u2019essentiel est que ces mesures ont \u00e9t\u00e9 prises car la sant\u00e9 devrait toujours \u00eatre au centre des pr\u00e9occupations du gouvernement. Elle a un co\u00fbt certes, mais \u00e9galement un prix\u00bb, a conclu le Dr Bekkat. \u00abIl \u00e9tait temps, tant mieux. Cela nous conforte sur l\u2019existence d\u2019une volont\u00e9 politique\u00bb, a d\u00e9clar\u00e9, de son c\u00f4t\u00e9, le pr\u00e9sident du Syndicat national des praticiens sp\u00e9cialistes de Sant\u00e9 publique (SNPSSP), le Dr Mohamed Yousfi, rappelant \u00abavoir soumis toutes ces propositions, depuis tr\u00e8s longtemps, \u00e0 tous les niveaux de responsabilit\u00e9 et \u00e0 maintes reprises\u00bb. Pour le repr\u00e9sentant de ce corps de praticiens, premiers concern\u00e9s par le service civil, il s\u2019agit, \u00e0 pr\u00e9sent, \u00abde mettre en pratique ces d\u00e9cisions\u00bb, estimant que l\u2019application de ce r\u00e9gime a \u00e9t\u00e9 jusque-l\u00e0 \u00abanticonstitutionnelle\u00bb, d\u00e9fendant l\u2019id\u00e9e d\u2019une \u00abcouverture sp\u00e9cialis\u00e9e pour toute l\u2019Alg\u00e9rie\u00bb. \u00abIl faut savoir que le co\u00fbt du service civil est plus \u00e9lev\u00e9 que celui des mesures incitatives annonc\u00e9es par le gouvernement\u00bb, a assur\u00e9 le pr\u00e9sident du syndicat, consid\u00e9rant qu\u2019en plus du salaire, les pouvoirs publics sont appel\u00e9s \u00e0 pr\u00e9voir d\u2019autres mesures \u00e0 m\u00eame de \u00abconsolider\u00bb celles pr\u00e9conis\u00e9es samedi, citant, entre autres, l\u2019acc\u00e8s aux billets d\u2019avion ainsi que des dispositions sur le plan social.<\/p>\n<p><strong>\u00abAll\u00e9gement\u00bb de la charge\u00a0 des praticiens&#8230;.<\/strong><\/p>\n<p>En outre, l\u2019intervenant sugg\u00e8re la n\u00e9cessit\u00e9 d\u2019\u00aball\u00e9ger\u00bb la charge du praticien exer\u00e7ant dans le Sud ou les Hauts-Plateaux, \u00e0 travers la mise en place d\u2019un \u00abpool\u00bb de m\u00e9decins dans la m\u00eame sp\u00e9cialit\u00e9. Abordant la d\u00e9cision relative \u00e0 la lev\u00e9e du gel des projets relevant du secteur, le Dr Yousfi a tenu \u00e0 reconna\u00eetre que \u00abbeaucoup de choses ont \u00e9t\u00e9 r\u00e9alis\u00e9es ces derni\u00e8res ann\u00e9es s\u2019agissant de la dotation de plusieurs r\u00e9gions du pays de plateaux techniques importants\u00bb.<br \/>En revanche, \u00abc\u2019est l\u2019investissement en mati\u00e8re de ressources humaines qui n\u2019a pas suivi\u00bb, a-t-il regrett\u00e9, \u00e0 ce propos. Il a, par ailleurs, tenu \u00e0 rappeler les revendications n\u2019ayant toujours pas \u00e9t\u00e9 satisfaites, citant notamment \u00abla mise en conformit\u00e9 de la prime d\u2019int\u00e9ressement, parall\u00e8lement \u00e0 l\u2019\u00e9volution de grade du praticien\u00bb ainsi que l\u2019amendement de certaines clauses du statut particulier des sp\u00e9cialistes, estimant que ce texte r\u00e9glementaire est \u00able plus p\u00e9nalisant de la Fonction publique\u00bb.<\/p>\n<p>Auteur: elmoudjahid<br \/>\n<a href=\"http:\/\/www.elmoudjahid.com\/fr\/actualites\/142380\">Cliquez ici pour lire l&rsquo;article depuis sa source.<\/a><\/p>\n","protected":false},"excerpt":{"rendered":"<p>Les principaux syndicats relevant du secteur de la sant\u00e9 \u00abse sont f\u00e9licit\u00e9s\u00bb dimanche des mesures, annonc\u00e9es la veille par le gouvernement, au profit des m\u00e9decins exer\u00e7ant dans le Sud du pays et les Hauts-Plateaux, consid\u00e9rant qu\u2019elles traduisent \u00abune volont\u00e9 politique\u00bb, tout en plaidant pour leur application effective sur le terrain.\u00abPour peu qu\u2019elles ne soient pas [&hellip;]<\/p>\n","protected":false},"author":1744,"featured_media":0,"comment_status":"closed","ping_status":"closed","sticky":false,"template":"","format":"standard","meta":{"fifu_image_url":"","fifu_image_alt":"","footnotes":""},"categories":[73,53],"tags":[],"class_list":["post-62183","post","type-post","status-publish","format-standard","hentry","category-actualite","category-algerie"],"_links":{"self":[{"href":"https:\/\/linitiative.ca\/International\/wp-json\/wp\/v2\/posts\/62183","targetHints":{"allow":["GET"]}}],"collection":[{"href":"https:\/\/linitiative.ca\/International\/wp-json\/wp\/v2\/posts"}],"about":[{"href":"https:\/\/linitiative.ca\/International\/wp-json\/wp\/v2\/types\/post"}],"author":[{"embeddable":true,"href":"https:\/\/linitiative.ca\/International\/wp-json\/wp\/v2\/users\/1744"}],"replies":[{"embeddable":true,"href":"https:\/\/linitiative.ca\/International\/wp-json\/wp\/v2\/comments?post=62183"}],"version-history":[{"count":0,"href":"https:\/\/linitiative.ca\/International\/wp-json\/wp\/v2\/posts\/62183\/revisions"}],"wp:attachment":[{"href":"https:\/\/linitiative.ca\/International\/wp-json\/wp\/v2\/media?parent=62183"}],"wp:term":[{"taxonomy":"category","embeddable":true,"href":"https:\/\/linitiative.ca\/International\/wp-json\/wp\/v2\/categories?post=62183"},{"taxonomy":"post_tag","embeddable":true,"href":"https:\/\/linitiative.ca\/International\/wp-json\/wp\/v2\/tags?post=62183"}],"curies":[{"name":"wp","href":"https:\/\/api.w.org\/{rel}","templated":true}]}}