{"id":62184,"date":"2019-09-23T20:00:00","date_gmt":"2019-09-24T00:00:00","guid":{"rendered":"https:\/\/linitiative.ca\/International\/tamanrasset-amenagement-de-la-rn1-avant-la-fin-de-lannee\/"},"modified":"2019-09-23T20:00:00","modified_gmt":"2019-09-24T00:00:00","slug":"tamanrasset-amenagement-de-la-rn1-avant-la-fin-de-lannee","status":"publish","type":"post","link":"https:\/\/linitiative.ca\/International\/tamanrasset-amenagement-de-la-rn1-avant-la-fin-de-lannee\/","title":{"rendered":"Tamanrasset :  Am\u00e9nagement de la RN1  avant la fin de l&rsquo;ann\u00e9e"},"content":{"rendered":"<p>Le ministre des Travaux publics et des Transports, Mustapha Kouraba, a donn\u00e9, dimanche \u00e0 Alger, des instructions pour la livraison, avant la fin de l&rsquo;ann\u00e9e en cours, du projet d&rsquo;am\u00e9nagement de la RN1 traversant la wilaya de Tamanrasset, a indiqu\u00e9 un communiqu\u00e9 du minist\u00e8re. Le ministre a donn\u00e9 ces instructions lors d&rsquo;une r\u00e9union de travail pr\u00e9sid\u00e9e au si\u00e8ge de son d\u00e9partement et qui a regroup\u00e9 des cadres du secteur, les diff\u00e9rents intervenants, les soci\u00e9t\u00e9s de r\u00e9alisation et de suivi ainsi que les bureaux d&rsquo;\u00e9tudes et les laboratoires de contr\u00f4le au si\u00e8ge du minist\u00e8re. La r\u00e9union a \u00e9t\u00e9 consacr\u00e9e \u00e0 l&rsquo;examen des projets du secteur des travaux publics dans la wilaya de Tamanrasset, particuli\u00e8rement le projet des travaux de r\u00e9am\u00e9nagement de la RN1 traversant la wilaya et son r\u00e9seau routier.<br \/>Lors de cette r\u00e9union, un expos\u00e9 exhaustif sur l&rsquo;\u00e9tat de la RN1 traversant la wilaya de Tamanrasset a \u00e9t\u00e9 pr\u00e9sent\u00e9 au ministre. Les travaux sont effectu\u00e9s actuellement sur 300 km \u00e0 partir des fronti\u00e8res Nord la reliant avec la wilaya de Gharda\u00efa. M. Kouraba a mis l&rsquo;accent, dans ce cadre, sur l&rsquo;importance que rev\u00eat ce projet pour les habitants de la r\u00e9gion et les usagers de la route, soulignant que le gouvernement lui accorde l&rsquo;int\u00e9r\u00eat n\u00e9cessaire et assure un suivi permanent. \u00abLe retard accus\u00e9 dans la r\u00e9alisation du projet est inacceptable\u00bb, a lanc\u00e9 M. Kouraba, mettant l&rsquo;accent sur l&rsquo;imp\u00e9ratif de l\u2019 \u00abacc\u00e9l\u00e9ration de la cadence des travaux et de veiller sur la qualit\u00e9 \u00e0 m\u00eame d&rsquo;assurer la s\u00e9curit\u00e9 des routes et des usagers\u00bb, fixant les d\u00e9lais de livraison du projet \u00e0 la fin de l&rsquo;ann\u00e9e.<\/p>\n<p>Auteur: elmoudjahid<br \/>\n<a href=\"http:\/\/www.elmoudjahid.com\/fr\/actualites\/142381\">Cliquez ici pour lire l&rsquo;article depuis sa source.<\/a><\/p>\n","protected":false},"excerpt":{"rendered":"<p>Le ministre des Travaux publics et des Transports, Mustapha Kouraba, a donn\u00e9, dimanche \u00e0 Alger, des instructions pour la livraison, avant la fin de l&rsquo;ann\u00e9e en cours, du projet d&rsquo;am\u00e9nagement de la RN1 traversant la wilaya de Tamanrasset, a indiqu\u00e9 un communiqu\u00e9 du minist\u00e8re. Le ministre a donn\u00e9 ces instructions lors d&rsquo;une r\u00e9union de travail [&hellip;]<\/p>\n","protected":false},"author":1744,"featured_media":0,"comment_status":"closed","ping_status":"closed","sticky":false,"template":"","format":"standard","meta":{"fifu_image_url":"","fifu_image_alt":"","footnotes":""},"categories":[73,53],"tags":[],"class_list":["post-62184","post","type-post","status-publish","format-standard","hentry","category-actualite","category-algerie"],"_links":{"self":[{"href":"https:\/\/linitiative.ca\/International\/wp-json\/wp\/v2\/posts\/62184","targetHints":{"allow":["GET"]}}],"collection":[{"href":"https:\/\/linitiative.ca\/International\/wp-json\/wp\/v2\/posts"}],"about":[{"href":"https:\/\/linitiative.ca\/International\/wp-json\/wp\/v2\/types\/post"}],"author":[{"embeddable":true,"href":"https:\/\/linitiative.ca\/International\/wp-json\/wp\/v2\/users\/1744"}],"replies":[{"embeddable":true,"href":"https:\/\/linitiative.ca\/International\/wp-json\/wp\/v2\/comments?post=62184"}],"version-history":[{"count":0,"href":"https:\/\/linitiative.ca\/International\/wp-json\/wp\/v2\/posts\/62184\/revisions"}],"wp:attachment":[{"href":"https:\/\/linitiative.ca\/International\/wp-json\/wp\/v2\/media?parent=62184"}],"wp:term":[{"taxonomy":"category","embeddable":true,"href":"https:\/\/linitiative.ca\/International\/wp-json\/wp\/v2\/categories?post=62184"},{"taxonomy":"post_tag","embeddable":true,"href":"https:\/\/linitiative.ca\/International\/wp-json\/wp\/v2\/tags?post=62184"}],"curies":[{"name":"wp","href":"https:\/\/api.w.org\/{rel}","templated":true}]}}