{"id":62186,"date":"2019-09-23T20:00:00","date_gmt":"2019-09-24T00:00:00","guid":{"rendered":"https:\/\/linitiative.ca\/International\/commentaire-le-sud-au-coeur-du-developpement\/"},"modified":"2019-09-23T20:00:00","modified_gmt":"2019-09-24T00:00:00","slug":"commentaire-le-sud-au-coeur-du-developpement","status":"publish","type":"post","link":"https:\/\/linitiative.ca\/International\/commentaire-le-sud-au-coeur-du-developpement\/","title":{"rendered":"Commentaire : Le sud au c\u0153ur du d\u00e9veloppement"},"content":{"rendered":"<p>Le Premier ministre a r\u00e9affirm\u00e9, r\u00e9cemment, toute la d\u00e9termination du gouvernement \u00e0 promouvoir les r\u00e9gions du Sud et des Hauts-Plateaux, pour r\u00e9duire durablement et concr\u00e8tement les disparit\u00e9s existant en termes de d\u00e9veloppement, et pas seulement au plan de la sant\u00e9, quand bien m\u00eame de grandes d\u00e9cisions qui feront date ont \u00e9t\u00e9 annonc\u00e9es sur ce plan, ce dont il faut se f\u00e9liciter.<br \/>Le grand Sud et les Hauts-Plateaux sont donc au c\u0153ur des strat\u00e9gies de l\u2019\u00c9tat visant \u00e0 assurer un d\u00e9veloppement \u00e9quitable et \u00e9quilibr\u00e9 soucieux de respecter les sp\u00e9cificit\u00e9s humaines et g\u00e9ographiques de ces r\u00e9gions, o\u00f9, en raison des distances et de la faiblesse des moyens de communication, \u00e0 quoi s\u2019ajoute parfois la rudesse des conditions climatiques, la moindre d\u00e9marche prend l\u2019allure d\u2019un v\u00e9ritable marathon.<br \/>M.\u2008Bedoui a pr\u00f4n\u00e9, \u00e0 cet \u00e9gard, l\u2019adaptation de la r\u00e9glementation aux r\u00e9alit\u00e9s du terrain afin d\u2019\u00e9largir et d\u2019approfondir l\u2019effort de d\u00e9veloppement.<br \/>L\u2019autre \u00e9l\u00e9ment important \u00e0 retenir, s\u2019agissant surtout des r\u00e9gions du Sud, est qu\u2019elles sont quelque part le coffre-fort du pays, en raison de leur consid\u00e9rable potentiel \u00e9nerg\u00e9tique. Cependant, il n\u2019en demeure pas moins qu\u2019il faut absolument asseoir une v\u00e9ritable transition vers une \u00e9conomie hors hydrocarbures, par l\u2019amorce d\u2019un v\u00e9ritable d\u00e9veloppement diversifi\u00e9 qui puisse permettre un affranchissement graduel de la manne p\u00e9troli\u00e8re.<br \/>En effet, l\u2019utilisation rationnelle et efficiente des ressources \u00e9nerg\u00e9tiques fossiles pourrait avoir un effet embrayeur sur le d\u00e9veloppement de ces r\u00e9gions et favoriser l\u2019\u00e9mergence d\u2019une agriculture saharienne performante, permettant de valoriser les grandes potentialit\u00e9s locales, notamment par l\u2019utilisation des ressources humaines qui rec\u00e8lent des comp\u00e9tences av\u00e9r\u00e9es.<br \/>Le Sud s\u2019impose aujourd\u2019hui comme la variable principale dans l\u2019\u00e9quation du d\u00e9veloppement.<br \/>Dans ce sens, il s\u2019av\u00e8re imp\u00e9ratif que les efforts colossaux de l\u2019\u00c9tat trouvent leur pleine concr\u00e9tisation sur le terrain. C\u2019est l\u00e0 une mission essentielle de la hi\u00e9rarchie administrative locale qui devra consentir davantage d\u2019efforts pour favoriser les d\u00e9cisions des pouvoirs publics au plus haut niveau, avec, comme cheval de bataille, la lutte inlassable contre le n\u00e9buleuse bureaucratique, au risque de r\u00e9veiller la contestation sociale, avec ses cons\u00e9quences n\u00e9fastes.<br \/>K.\u2008O.<\/p>\n<p>Auteur: elmoudjahid<br \/>\n<a href=\"http:\/\/www.elmoudjahid.com\/fr\/actualites\/142383\">Cliquez ici pour lire l&rsquo;article depuis sa source.<\/a><\/p>\n","protected":false},"excerpt":{"rendered":"<p>Le Premier ministre a r\u00e9affirm\u00e9, r\u00e9cemment, toute la d\u00e9termination du gouvernement \u00e0 promouvoir les r\u00e9gions du Sud et des Hauts-Plateaux, pour r\u00e9duire durablement et concr\u00e8tement les disparit\u00e9s existant en termes de d\u00e9veloppement, et pas seulement au plan de la sant\u00e9, quand bien m\u00eame de grandes d\u00e9cisions qui feront date ont \u00e9t\u00e9 annonc\u00e9es sur ce plan, [&hellip;]<\/p>\n","protected":false},"author":1744,"featured_media":0,"comment_status":"closed","ping_status":"closed","sticky":false,"template":"","format":"standard","meta":{"fifu_image_url":"","fifu_image_alt":"","footnotes":""},"categories":[73,53],"tags":[],"class_list":["post-62186","post","type-post","status-publish","format-standard","hentry","category-actualite","category-algerie"],"_links":{"self":[{"href":"https:\/\/linitiative.ca\/International\/wp-json\/wp\/v2\/posts\/62186","targetHints":{"allow":["GET"]}}],"collection":[{"href":"https:\/\/linitiative.ca\/International\/wp-json\/wp\/v2\/posts"}],"about":[{"href":"https:\/\/linitiative.ca\/International\/wp-json\/wp\/v2\/types\/post"}],"author":[{"embeddable":true,"href":"https:\/\/linitiative.ca\/International\/wp-json\/wp\/v2\/users\/1744"}],"replies":[{"embeddable":true,"href":"https:\/\/linitiative.ca\/International\/wp-json\/wp\/v2\/comments?post=62186"}],"version-history":[{"count":0,"href":"https:\/\/linitiative.ca\/International\/wp-json\/wp\/v2\/posts\/62186\/revisions"}],"wp:attachment":[{"href":"https:\/\/linitiative.ca\/International\/wp-json\/wp\/v2\/media?parent=62186"}],"wp:term":[{"taxonomy":"category","embeddable":true,"href":"https:\/\/linitiative.ca\/International\/wp-json\/wp\/v2\/categories?post=62186"},{"taxonomy":"post_tag","embeddable":true,"href":"https:\/\/linitiative.ca\/International\/wp-json\/wp\/v2\/tags?post=62186"}],"curies":[{"name":"wp","href":"https:\/\/api.w.org\/{rel}","templated":true}]}}