{"id":62188,"date":"2019-09-24T07:20:51","date_gmt":"2019-09-24T11:20:51","guid":{"rendered":"https:\/\/linitiative.ca\/International\/94756-ligue-2-l-asm-oran-n-est-plus-invaincue-son-entraineur-confiant-pour-l-avenir\/"},"modified":"2019-09-24T07:20:51","modified_gmt":"2019-09-24T11:20:51","slug":"94756-ligue-2-l-asm-oran-n-est-plus-invaincue-son-entraineur-confiant-pour-l-avenir","status":"publish","type":"post","link":"https:\/\/linitiative.ca\/International\/94756-ligue-2-l-asm-oran-n-est-plus-invaincue-son-entraineur-confiant-pour-l-avenir\/","title":{"rendered":"Ligue 2 : l\u2019ASM Oran n\u2019est plus invaincue, son entra\u00eeneur confiant pour l\u2019avenir"},"content":{"rendered":"<div>\n<div class=\"K2FeedImage\"><img decoding=\"async\" src=\"http:\/\/www.aps.dz\/media\/k2\/items\/cache\/3f8ec3e8d51d00cd192e6570a3410810_S.jpg\" alt=\"Ligue 2 : l\u2019ASM Oran n\u2019est plus invaincue, son entra\u00eeneur confiant pour l\u2019avenir\"><\/div>\n<div class=\"K2FeedIntroText\">\n<p><strong>ORAN &#8211; L\u2019ASM Oran a essuy\u00e9, samedi dernier, sa premi\u00e8re d\u00e9faite de la saison sur le terrain du WA Tlemcen (2-0) dans le cadre de la 5e journ\u00e9e de la Ligue 2 de football, mais son entra\u00eeneur Salem Laoufi demeure confiant quant \u00e0 la suite du parcours.<\/strong><\/p>\n<\/div>\n<div class=\"K2FeedFullText\">\n<blockquote>\n<p><em><strong>\u00ab\u00a0Cette d\u00e9faite ne va pas remettre en cause nos ambitions de retrouver l\u2019\u00e9lite d\u00e8s la saison prochaine, et ce, malgr\u00e9 les probl\u00e8mes \u00e9normes dans lesquels se d\u00e9bat le club depuis l\u2019intersaison, notamment sur le plan financier\u00a0\u00bb, a d\u00e9clar\u00e9 \u00e0 l\u2019APS, le technicien oranais.<\/strong><\/em><\/p>\n<\/blockquote>\n<p>Ironie du sort : l\u2019ASMO, sous la houlette de Salem Laoufi qui a pris les commandes techniques de cette \u00e9quipe \u00e0 partir de la 21e journ\u00e9e de la saison pass\u00e9e, n\u2019a conc\u00e9d\u00e9 en 14 rencontres qu\u2019une seule d\u00e9faite face au m\u00eame adversaire, le WAT, lors de la 28e journ\u00e9e.<\/p>\n<p>\u00ab\u00a0Il a fallu que nous revenions une fois encore \u00e0 Tlemcen pour signer notre deuxi\u00e8me d\u00e9faite en 15 matchs. C\u2019est \u00e7a le football, m\u00eame si pour la rencontre de samedi pass\u00e9, nous n\u2019avions pas tous les atouts en main\u00a0\u00bb, a encore dit Laoufi, faisant allusion \u00e0 quelques absences de taille enregistr\u00e9es au sein de son effectif pour blessures.<\/p>\n<blockquote>\n<p><em><strong>\u00ab\u00a0Malgr\u00e9 cela, je dois dire que mes joueurs ont bien r\u00e9sist\u00e9 et n\u2019ont pas h\u00e9sit\u00e9 \u00e0 acculer l\u2019adversaire dans son camp. Malheureusement pour nous, nous avons p\u00each\u00e9 sur le plan offensif surtout que ce secteur \u00e9tait priv\u00e9 pour l\u2019occasion de pas moins de trois attaquants sur lesquels nous misions \u00e9norm\u00e9ment\u00a0\u00bb, a regrett\u00e9 le technicien oranais.<\/strong><\/em><\/p>\n<\/blockquote>\n<p>L\u2019ASMO, qui recule \u00e0 la huiti\u00e8me place avec huit points, n\u2019est pas pour autant pr\u00eate \u00e0 rendre les armes dans la course \u00e0 la mont\u00e9e, a assur\u00e9 son entra\u00eeneur, estimant que le championnat n\u2019est qu\u2019\u00e0 ses d\u00e9buts.<\/p>\n<p>\u00ab\u00a0Le chemin est encore long et nous avons toutes les chances de rattraper notre retard. Et puis, le changement pr\u00e9vu dans le syst\u00e8me de comp\u00e9tition \u00e0 partir de la saison prochaine permet de revoir \u00e0 la hausse le nombre des \u00e9quipes qui vont acc\u00e9der de la Ligue 2 fix\u00e9 jusque-l\u00e0 \u00e0 trois formations. Nous devons donc en profiter pour faire notre retour parmi l\u2019\u00e9lite\u00a0\u00bb, a-t-il insist\u00e9.<\/p>\n<blockquote>\n<p><em><strong>Seul b\u00e9mol : les probl\u00e8mes financiers risquent de jouer un mauvais tour \u00e0 la formation de \u00ab\u00a0M\u2019dina J\u2019dida\u00a0\u00bb, dont les joueurs ont m\u00eame observ\u00e9 une gr\u00e8ve il y deux semaines pour r\u00e9clamer la r\u00e9gularisation de leur situation financi\u00e8re.<\/strong><\/em><\/p>\n<\/blockquote>\n<p>\u00ab\u00a0Ce sont des probl\u00e8mes qui resurgissent \u00e0 chaque fois. J\u2019esp\u00e8re que les autorit\u00e9s locales en particulier viendront \u00e0 notre rescousse et aideront notre club \u00e0 surpasser cette situation difficile. L\u2019ASMO est une vraie \u00e9cole de football qui m\u00e9rite plus de consid\u00e9ration\u00a0\u00bb, a souhait\u00e9 Salem Laoufi.<\/p>\n<\/div>\n<p><img loading=\"lazy\" decoding=\"async\" src=\"http:\/\/feeds.feedburner.com\/~r\/aps-sport\/~4\/eX0dWbQEMeQ\" height=\"1\" width=\"1\" alt=\"\"><\/div>\n<p>Auteur:<br \/>\n<a href=\"http:\/\/www.aps.dz\/sport\/94756-ligue-2-l-asm-oran-n-est-plus-invaincue-son-entraineur-confiant-pour-l-avenir?utm_source=feedburner&#038;utm_medium=feed&#038;utm_campaign=Feed%3A+aps-sport+%28APS+-+SPORT%29\">Cliquez ici pour lire l&rsquo;article depuis sa source.<\/a><\/p>\n","protected":false},"excerpt":{"rendered":"<p>ORAN &#8211; L\u2019ASM Oran a essuy\u00e9, samedi dernier, sa premi\u00e8re d\u00e9faite de la saison sur le terrain du WA Tlemcen (2-0) dans le cadre de la 5e journ\u00e9e de la Ligue 2 de football, mais son entra\u00eeneur Salem Laoufi demeure confiant quant \u00e0 la suite du parcours. \u00ab\u00a0Cette d\u00e9faite ne va pas remettre en cause [&hellip;]<\/p>\n","protected":false},"author":1790,"featured_media":62189,"comment_status":"closed","ping_status":"closed","sticky":false,"template":"","format":"standard","meta":{"fifu_image_url":"","fifu_image_alt":"","footnotes":""},"categories":[53,75],"tags":[],"class_list":["post-62188","post","type-post","status-publish","format-standard","has-post-thumbnail","hentry","category-algerie","category-sport"],"_links":{"self":[{"href":"https:\/\/linitiative.ca\/International\/wp-json\/wp\/v2\/posts\/62188","targetHints":{"allow":["GET"]}}],"collection":[{"href":"https:\/\/linitiative.ca\/International\/wp-json\/wp\/v2\/posts"}],"about":[{"href":"https:\/\/linitiative.ca\/International\/wp-json\/wp\/v2\/types\/post"}],"author":[{"embeddable":true,"href":"https:\/\/linitiative.ca\/International\/wp-json\/wp\/v2\/users\/1790"}],"replies":[{"embeddable":true,"href":"https:\/\/linitiative.ca\/International\/wp-json\/wp\/v2\/comments?post=62188"}],"version-history":[{"count":0,"href":"https:\/\/linitiative.ca\/International\/wp-json\/wp\/v2\/posts\/62188\/revisions"}],"wp:featuredmedia":[{"embeddable":true,"href":"https:\/\/linitiative.ca\/International\/wp-json\/"}],"wp:attachment":[{"href":"https:\/\/linitiative.ca\/International\/wp-json\/wp\/v2\/media?parent=62188"}],"wp:term":[{"taxonomy":"category","embeddable":true,"href":"https:\/\/linitiative.ca\/International\/wp-json\/wp\/v2\/categories?post=62188"},{"taxonomy":"post_tag","embeddable":true,"href":"https:\/\/linitiative.ca\/International\/wp-json\/wp\/v2\/tags?post=62188"}],"curies":[{"name":"wp","href":"https:\/\/api.w.org\/{rel}","templated":true}]}}