{"id":62194,"date":"2019-09-24T09:55:14","date_gmt":"2019-09-24T13:55:14","guid":{"rendered":"https:\/\/linitiative.ca\/International\/94769-le-3e-salon-sporeform-met-en-exergue-les-bienfaits-de-la-pratique-sportive\/"},"modified":"2019-09-24T09:55:14","modified_gmt":"2019-09-24T13:55:14","slug":"94769-le-3e-salon-sporeform-met-en-exergue-les-bienfaits-de-la-pratique-sportive","status":"publish","type":"post","link":"https:\/\/linitiative.ca\/International\/94769-le-3e-salon-sporeform-met-en-exergue-les-bienfaits-de-la-pratique-sportive\/","title":{"rendered":"Le 3\u00e8 Salon \u00ab\u00a0SporEform\u00a0\u00bb met en exergue les bienfaits de la pratique sportive  \u00a0"},"content":{"rendered":"<div>\n<div class=\"K2FeedIntroText\">\n<p><strong>ALGER &#8211; \u00ab\u00a0Bien-\u00eatre social et Sant\u00e9\u00a0\u00bb sont les ma\u00eetres-mots au 3\u00e8 Salon du Sport et de la Remise en forme \u00ab\u00a0SporEform\u00a0\u00bb, ouvert mardi au Palais des Expositions Safex (Alger), et auquel participent une quarantaine d&rsquo;op\u00e9rateurs et acteurs sportifs, venus pr\u00e9senter jusqu&rsquo;au 28 septembre, une panoplie d&rsquo;\u00e9quipements et mat\u00e9riels sportifs destin\u00e9s aussi bien aux initi\u00e9s au sport qu&rsquo;aux profanes.<\/strong><\/p>\n<\/div>\n<div class=\"K2FeedFullText\">\n<p>\u00ab\u00a0La 3\u00e8 \u00e9dition de SporEform tentera, cinq jours durant, de nous remettre en question, en vue d&rsquo;une prise en charge efficace, tant sur le volet physique que mental et nutritionnel\u00a0\u00bb, a indiqu\u00e9 \u00e0 l&rsquo;APS, Omar Bedkane, directeur de l&rsquo;Agence \u00ab\u00a0Effectif Ev\u00e8nementiel\u00a0\u00bb organisatrice du salon, et ce en raison notamment \u00ab\u00a0du contexte environnemental et soci\u00e9tal dans lequel nous \u00e9voluons et qui devient de plus en plus m\u00e9canique et contraignant\u00a0\u00bb.<\/p>\n<p>D\u00e8s l&rsquo;ouverture du salon install\u00e9 au Pavillon A, les gens, par petits groupes, ont commenc\u00e9 \u00e0 d\u00e9couvrir les diff\u00e9rents \u00e9quipements et articles de sport expos\u00e9s : mat\u00e9riel de musculation, tapis-roulants, accessoires de fitness, produits di\u00e9t\u00e9tiques&#8230;etc.<\/p>\n<blockquote>\n<p><em><strong>\u00ab\u00a0Nous offrons aux op\u00e9rateurs (clubs de gym, h\u00f4tels, entreprises, h\u00f4pitaux, associations sportives&#8230;), le plus grand \u00e9ventail de solutions gr\u00e2ce \u00e0 une vari\u00e9t\u00e9 de produits, de services, de contenus et de programmes\u00a0\u00bb, a expliqu\u00e9 un des exposants de mat\u00e9riel et accessoires de fitness.<\/strong><\/em><\/p>\n<\/blockquote>\n<p>Pr\u00e9sentes au salon, des f\u00e9d\u00e9rations sportives ont eu droit \u00e0 des stands o\u00f9 elles font conna\u00eetre leurs disciplines respectives et les \u00e9quipements sp\u00e9cifiques. Dans ce registre, la gymnastique a \u00e9t\u00e9 \u00e0 l&rsquo;honneur.<\/p>\n<hr>\n<p><strong>Lire aussi<\/strong>:\u00a0<a href=\"http:\/\/www.aps.dz\/sante-science-technologie\/94588-le-3e-salon-du-sport-et-de-la-remise-en-forme-du-24-au-28-septembre-a-la-safex\">Le 3\u00e8 salon du Sport et de la remise en forme du 24 au 28 septembre \u00e0 la Safex \u00a0<\/a><\/p>\n<hr>\n<p>De jeunes gymnastes en herbe ont r\u00e9ussi \u00e0 accaparer l&rsquo;attention des visiteurs, en ex\u00e9cutant, sur des tapis install\u00e9s \u00e0 l&rsquo;occasion, des pirouettes et acrobaties, histoire de montrer un des multiples bienfaits de cette discipline, commun\u00e9ment appel\u00e9e sport de base.<\/p>\n<p>Les visiteurs du salon, notamment les enfants, auront le loisir de s&rsquo;initier \u00e0 plusieurs disciplines sportives, tels le trampoline, le tir \u00e0 l&rsquo;arc, l&rsquo;escrime, le tennis de table, le badminton&#8230;etc.<\/p>\n<p>Outre le volet exposition, SporEform-2019 propose \u00ab\u00a0une quinzaine de plateaux sportifs ouverts au public et anim\u00e9s par des repr\u00e9sentants des f\u00e9d\u00e9rations sportives, ligues et coaches\u00a0\u00bb, soulignent les organisateurs, ajoutant que \u00ab\u00a0des ateliers-conseils et d\u00e9bats autour de la nutrition, aussi bien de l&rsquo;enfant scolaris\u00e9, du sportif d&rsquo;\u00e9lite, que de +Monsieur tout le monde+ seront anim\u00e9s par des professionnels en la mati\u00e8re\u00a0\u00bb.<\/p>\n<p>\u00a0<\/p>\n<p>\u00a0<\/p>\n<\/div>\n<p><img loading=\"lazy\" decoding=\"async\" src=\"http:\/\/feeds.feedburner.com\/~r\/aps-sport\/~4\/aCGgbHVq12I\" height=\"1\" width=\"1\" alt=\"\"><\/div>\n<p>Auteur:<br \/>\n<a href=\"http:\/\/www.aps.dz\/sport\/94769-le-3e-salon-sporeform-met-en-exergue-les-bienfaits-de-la-pratique-sportive?utm_source=feedburner&#038;utm_medium=feed&#038;utm_campaign=Feed%3A+aps-sport+%28APS+-+SPORT%29\">Cliquez ici pour lire l&rsquo;article depuis sa source.<\/a><\/p>\n","protected":false},"excerpt":{"rendered":"<p>ALGER &#8211; \u00ab\u00a0Bien-\u00eatre social et Sant\u00e9\u00a0\u00bb sont les ma\u00eetres-mots au 3\u00e8 Salon du Sport et de la Remise en forme \u00ab\u00a0SporEform\u00a0\u00bb, ouvert mardi au Palais des Expositions Safex (Alger), et auquel participent une quarantaine d&rsquo;op\u00e9rateurs et acteurs sportifs, venus pr\u00e9senter jusqu&rsquo;au 28 septembre, une panoplie d&rsquo;\u00e9quipements et mat\u00e9riels sportifs destin\u00e9s aussi bien aux initi\u00e9s au [&hellip;]<\/p>\n","protected":false},"author":1790,"featured_media":0,"comment_status":"closed","ping_status":"closed","sticky":false,"template":"","format":"standard","meta":{"fifu_image_url":"","fifu_image_alt":"","footnotes":""},"categories":[53,75],"tags":[],"class_list":["post-62194","post","type-post","status-publish","format-standard","hentry","category-algerie","category-sport"],"_links":{"self":[{"href":"https:\/\/linitiative.ca\/International\/wp-json\/wp\/v2\/posts\/62194","targetHints":{"allow":["GET"]}}],"collection":[{"href":"https:\/\/linitiative.ca\/International\/wp-json\/wp\/v2\/posts"}],"about":[{"href":"https:\/\/linitiative.ca\/International\/wp-json\/wp\/v2\/types\/post"}],"author":[{"embeddable":true,"href":"https:\/\/linitiative.ca\/International\/wp-json\/wp\/v2\/users\/1790"}],"replies":[{"embeddable":true,"href":"https:\/\/linitiative.ca\/International\/wp-json\/wp\/v2\/comments?post=62194"}],"version-history":[{"count":0,"href":"https:\/\/linitiative.ca\/International\/wp-json\/wp\/v2\/posts\/62194\/revisions"}],"wp:attachment":[{"href":"https:\/\/linitiative.ca\/International\/wp-json\/wp\/v2\/media?parent=62194"}],"wp:term":[{"taxonomy":"category","embeddable":true,"href":"https:\/\/linitiative.ca\/International\/wp-json\/wp\/v2\/categories?post=62194"},{"taxonomy":"post_tag","embeddable":true,"href":"https:\/\/linitiative.ca\/International\/wp-json\/wp\/v2\/tags?post=62194"}],"curies":[{"name":"wp","href":"https:\/\/api.w.org\/{rel}","templated":true}]}}