{"id":62196,"date":"2019-09-24T13:02:00","date_gmt":"2019-09-24T17:02:00","guid":{"rendered":"https:\/\/linitiative.ca\/International\/accuse-de-terrorisme-un-algerien-expulse-ditalie\/"},"modified":"2019-09-24T13:02:00","modified_gmt":"2019-09-24T17:02:00","slug":"accuse-de-terrorisme-un-algerien-expulse-ditalie","status":"publish","type":"post","link":"https:\/\/linitiative.ca\/International\/accuse-de-terrorisme-un-algerien-expulse-ditalie\/","title":{"rendered":"ACCUSE DE TERRORISME   : Un Alg\u00e9rien expuls\u00e9 d\u2019Italie"},"content":{"rendered":"<p><br id=\"sep_para_1\" class=\"sep_para access\"\/><\/p>\n<div id=\"para_1\" class=\"para_33138741 resize\">\n<div class=\"texte access firstletter\">Il faisait l\u2019objet de quatre mandats d\u2019arr\u00eat internationaux. Un Alg\u00e9rien, accus\u00e9 d\u2019accointance avec la n\u00e9buleuse terroriste Daech, a \u00e9t\u00e9 expuls\u00e9 lundi dernier par les autorit\u00e9s italiennes.\u00a0 \u00c2g\u00e9 de 28 ans, le jeune homme avait \u00e9t\u00e9 condamn\u00e9 par contumace, le 31 mars 2016, \u00e0 perp\u00e9tuit\u00e9 par le tribunal de Boumerd\u00e8s pour appartenance \u00e0 une organisation terroriste. Il avait \u00e9galement \u00e9t\u00e9 condamn\u00e9 pour des extorsions commises entre 2010 et 2016. Prenant sans doute la fuite, le pr\u00e9venu avait atterri \u00e0 Rome, o\u00f9 il avait introduit une demande d\u2019asile politique. En novembre 2018, la police italienne a proc\u00e9d\u00e9 \u00e0 son arrestation. Depuis la prison Regina Coeli, le plus grand centre p\u00e9nitencier de Rome, l\u2019homme n\u2019a cess\u00e9 de faire appel pour \u00e9viter une d\u00e9cision d\u2019extradition, notamment apr\u00e8s les mandats d\u2019arr\u00eat \u00e9mis par la justice alg\u00e9rienne. C\u2019\u00e9tait peine perdue. La Cour de cassation italienne a tranch\u00e9 au mois de juillet, confirmant son expulsion. Le ministre de la Justice, Alfonso Bonafede, a sign\u00e9 le d\u00e9cret de son expulsion le m\u00eame mois. Ce lundi, le pr\u00e9venu a \u00e9t\u00e9 escort\u00e9 par la police \u00e0 l\u2019a\u00e9roport L\u00e9onardo-de-Vinci\u00a0 o\u00f9 il a \u00e9t\u00e9 mis dans un avion \u00e0 destination d\u2019Alger.<\/div>\n<\/div>\n<p>Auteur: Ismain<br \/>\n<a href=\"https:\/\/www.reflexiondz.net\/ACCUSE-DE-TERRORISME-Un-Algerien-expulse-d-Italie_a57814.html\">Cliquez ici pour lire l&rsquo;article depuis sa source.<\/a><\/p>\n","protected":false},"excerpt":{"rendered":"<p>Il faisait l\u2019objet de quatre mandats d\u2019arr\u00eat internationaux. Un Alg\u00e9rien, accus\u00e9 d\u2019accointance avec la n\u00e9buleuse terroriste Daech, a \u00e9t\u00e9 expuls\u00e9 lundi dernier par les autorit\u00e9s italiennes.\u00a0 \u00c2g\u00e9 de 28 ans, le jeune homme avait \u00e9t\u00e9 condamn\u00e9 par contumace, le 31 mars 2016, \u00e0 perp\u00e9tuit\u00e9 par le tribunal de Boumerd\u00e8s pour appartenance \u00e0 une organisation terroriste. [&hellip;]<\/p>\n","protected":false},"author":1740,"featured_media":0,"comment_status":"closed","ping_status":"closed","sticky":false,"template":"","format":"standard","meta":{"fifu_image_url":"","fifu_image_alt":"","footnotes":""},"categories":[53,76],"tags":[],"class_list":["post-62196","post","type-post","status-publish","format-standard","hentry","category-algerie","category-regions"],"_links":{"self":[{"href":"https:\/\/linitiative.ca\/International\/wp-json\/wp\/v2\/posts\/62196","targetHints":{"allow":["GET"]}}],"collection":[{"href":"https:\/\/linitiative.ca\/International\/wp-json\/wp\/v2\/posts"}],"about":[{"href":"https:\/\/linitiative.ca\/International\/wp-json\/wp\/v2\/types\/post"}],"author":[{"embeddable":true,"href":"https:\/\/linitiative.ca\/International\/wp-json\/wp\/v2\/users\/1740"}],"replies":[{"embeddable":true,"href":"https:\/\/linitiative.ca\/International\/wp-json\/wp\/v2\/comments?post=62196"}],"version-history":[{"count":0,"href":"https:\/\/linitiative.ca\/International\/wp-json\/wp\/v2\/posts\/62196\/revisions"}],"wp:attachment":[{"href":"https:\/\/linitiative.ca\/International\/wp-json\/wp\/v2\/media?parent=62196"}],"wp:term":[{"taxonomy":"category","embeddable":true,"href":"https:\/\/linitiative.ca\/International\/wp-json\/wp\/v2\/categories?post=62196"},{"taxonomy":"post_tag","embeddable":true,"href":"https:\/\/linitiative.ca\/International\/wp-json\/wp\/v2\/tags?post=62196"}],"curies":[{"name":"wp","href":"https:\/\/api.w.org\/{rel}","templated":true}]}}