{"id":62198,"date":"2019-09-24T13:06:00","date_gmt":"2019-09-24T17:06:00","guid":{"rendered":"https:\/\/linitiative.ca\/International\/said-bouteflika-a-refuse-de-repondre-aux-questions\/"},"modified":"2019-09-24T13:06:00","modified_gmt":"2019-09-24T17:06:00","slug":"said-bouteflika-a-refuse-de-repondre-aux-questions","status":"publish","type":"post","link":"https:\/\/linitiative.ca\/International\/said-bouteflika-a-refuse-de-repondre-aux-questions\/","title":{"rendered":"Sa\u00efd Bouteflika a refus\u00e9 de r\u00e9pondre aux questions !"},"content":{"rendered":"<p><br id=\"sep_para_1\" class=\"sep_para access\"\/><\/p>\n<div id=\"para_1\" class=\"para_33138777 resize\">\n<div class=\"texte access firstletter\">Sa\u00efd Bouteflika, fr\u00e8re et Conseiller de l\u2019ex-Pr\u00e9sident de la R\u00e9publique Abdelaziz Bouteflika, n\u2019a pas r\u00e9pondu aux questions du juge du tribunal militaire de Blida et a quitt\u00e9 les lieux apr\u00e8s 30 minutes du d\u00e9but de son audience, a r\u00e9v\u00e9l\u00e9 l\u2019avocat du g\u00e9n\u00e9ral Toufik, Farouk Ksentini.<br \/>Dans un point de presse, le membre du collectif d\u2019avocats de l\u2019ex patron du DRS, qui \u00e9tait pr\u00e9sent lors de l\u2019audience, a expliqu\u00e9 que Said Bouteflika a demand\u00e9 de quitter le tribunal apr\u00e8s 30 minutes du d\u00e9but de son audience et n\u2019a pas voulu r\u00e9pondre aux questions du juge militaire \u00e0 cause de nouveaux documents ayant \u00e9t\u00e9 ajout\u00e9s r\u00e9cemment \u00e0 son dossier, par la justice militaire, et dont sa d\u00e9fense n\u2019a pas pu voir. Le juge a accept\u00e9 de le laisser quitter l\u2019audience en lui rappelant que cela ne l\u2019emp\u00eachera pas de prononcer le verdict contre lui comme le pr\u00e9voit la loi, a ajout\u00e9 Ksentini.<\/div>\n<\/div>\n<p>Auteur: R\u00e9flexion<br \/>\n<a href=\"https:\/\/www.reflexiondz.net\/Said-Bouteflika-a-refuse-de-repondre-aux-questions-_a57818.html\">Cliquez ici pour lire l&rsquo;article depuis sa source.<\/a><\/p>\n","protected":false},"excerpt":{"rendered":"<p>Sa\u00efd Bouteflika, fr\u00e8re et Conseiller de l\u2019ex-Pr\u00e9sident de la R\u00e9publique Abdelaziz Bouteflika, n\u2019a pas r\u00e9pondu aux questions du juge du tribunal militaire de Blida et a quitt\u00e9 les lieux apr\u00e8s 30 minutes du d\u00e9but de son audience, a r\u00e9v\u00e9l\u00e9 l\u2019avocat du g\u00e9n\u00e9ral Toufik, Farouk Ksentini.Dans un point de presse, le membre du collectif d\u2019avocats de [&hellip;]<\/p>\n","protected":false},"author":1740,"featured_media":0,"comment_status":"closed","ping_status":"closed","sticky":false,"template":"","format":"standard","meta":{"fifu_image_url":"","fifu_image_alt":"","footnotes":""},"categories":[53,76],"tags":[],"class_list":["post-62198","post","type-post","status-publish","format-standard","hentry","category-algerie","category-regions"],"_links":{"self":[{"href":"https:\/\/linitiative.ca\/International\/wp-json\/wp\/v2\/posts\/62198","targetHints":{"allow":["GET"]}}],"collection":[{"href":"https:\/\/linitiative.ca\/International\/wp-json\/wp\/v2\/posts"}],"about":[{"href":"https:\/\/linitiative.ca\/International\/wp-json\/wp\/v2\/types\/post"}],"author":[{"embeddable":true,"href":"https:\/\/linitiative.ca\/International\/wp-json\/wp\/v2\/users\/1740"}],"replies":[{"embeddable":true,"href":"https:\/\/linitiative.ca\/International\/wp-json\/wp\/v2\/comments?post=62198"}],"version-history":[{"count":0,"href":"https:\/\/linitiative.ca\/International\/wp-json\/wp\/v2\/posts\/62198\/revisions"}],"wp:attachment":[{"href":"https:\/\/linitiative.ca\/International\/wp-json\/wp\/v2\/media?parent=62198"}],"wp:term":[{"taxonomy":"category","embeddable":true,"href":"https:\/\/linitiative.ca\/International\/wp-json\/wp\/v2\/categories?post=62198"},{"taxonomy":"post_tag","embeddable":true,"href":"https:\/\/linitiative.ca\/International\/wp-json\/wp\/v2\/tags?post=62198"}],"curies":[{"name":"wp","href":"https:\/\/api.w.org\/{rel}","templated":true}]}}