{"id":62199,"date":"2019-09-24T13:06:00","date_gmt":"2019-09-24T17:06:00","guid":{"rendered":"https:\/\/linitiative.ca\/International\/mustapha-berraf-accuse-la-mafia-du-dopage\/"},"modified":"2019-09-24T13:06:00","modified_gmt":"2019-09-24T17:06:00","slug":"mustapha-berraf-accuse-la-mafia-du-dopage","status":"publish","type":"post","link":"https:\/\/linitiative.ca\/International\/mustapha-berraf-accuse-la-mafia-du-dopage\/","title":{"rendered":"Mustapha Berraf  accuse la mafia du dopage !"},"content":{"rendered":"<p><br id=\"sep_para_1\" class=\"sep_para access\"\/><\/p>\n<div id=\"para_1\" class=\"para_33138776 resize\">\n<div class=\"texte access firstletter\">Mustapha Berraf accuse la mafia du dopage d\u2019\u00eatre derri\u00e8re la campagne contre le Comit\u00e9 olympique alg\u00e9rien (COA) dont il est pr\u00e9sident. \u00ab La mafia du dopage et ceux qui ont des ant\u00e9c\u00e9dents judiciaires, dont certains sont vis\u00e9s par des mandats d\u2019arr\u00eat internationaux, contre lesquels les services de s\u00e9curit\u00e9 et tribunaux ont \u00e9t\u00e9 saisis, -des \u00e9l\u00e9ments dangereux-, sont derri\u00e8re l\u2019atteinte \u00e0 la stabilit\u00e9 du Comit\u00e9 olympique \u00bb, affirme ce mardi M. Berraf dans une d\u00e9claration \u00e0 TSA. Le pr\u00e9sident du COA rappelle \u00e0 ses d\u00e9tracteurs qu\u2019il a \u00e9t\u00e9 \u00ab blanchi \u00bb par la justice contre toutes les accusations qui ont \u00e9t\u00e9 port\u00e9es contre lui. En r\u00e9ponse \u00e0 une question sur ce qui se passe entre lui et le ministre de la Jeunesse et des Sports, Mustapha Berraf a r\u00e9pondu : \u00ab La charte olympique et les lois commandent \u00e0 ce que la relation entre le minist\u00e8re et le Comit\u00e9 soit respectable et je veille au respect de la Loi. J\u2019\u00e9tais au Nigeria pour pr\u00e9parer la visite du pr\u00e9sident du Comit\u00e9 olympique international et j\u2019ai \u00e9t\u00e9 surpris de ce qui a \u00e9t\u00e9 \u00e9crit sur le COA dont je veille sur la r\u00e9putation et la cr\u00e9dibilit\u00e9\u00bb, se d\u00e9fend Berraf.<\/div>\n<\/div>\n<p>Auteur: R\u00e9flexion<br \/>\n<a href=\"https:\/\/www.reflexiondz.net\/Mustapha-Berraf-accuse-la-mafia-du-dopage-_a57817.html\">Cliquez ici pour lire l&rsquo;article depuis sa source.<\/a><\/p>\n","protected":false},"excerpt":{"rendered":"<p>Mustapha Berraf accuse la mafia du dopage d\u2019\u00eatre derri\u00e8re la campagne contre le Comit\u00e9 olympique alg\u00e9rien (COA) dont il est pr\u00e9sident. \u00ab La mafia du dopage et ceux qui ont des ant\u00e9c\u00e9dents judiciaires, dont certains sont vis\u00e9s par des mandats d\u2019arr\u00eat internationaux, contre lesquels les services de s\u00e9curit\u00e9 et tribunaux ont \u00e9t\u00e9 saisis, -des \u00e9l\u00e9ments [&hellip;]<\/p>\n","protected":false},"author":1740,"featured_media":0,"comment_status":"closed","ping_status":"closed","sticky":false,"template":"","format":"standard","meta":{"fifu_image_url":"","fifu_image_alt":"","footnotes":""},"categories":[53,76],"tags":[],"class_list":["post-62199","post","type-post","status-publish","format-standard","hentry","category-algerie","category-regions"],"_links":{"self":[{"href":"https:\/\/linitiative.ca\/International\/wp-json\/wp\/v2\/posts\/62199","targetHints":{"allow":["GET"]}}],"collection":[{"href":"https:\/\/linitiative.ca\/International\/wp-json\/wp\/v2\/posts"}],"about":[{"href":"https:\/\/linitiative.ca\/International\/wp-json\/wp\/v2\/types\/post"}],"author":[{"embeddable":true,"href":"https:\/\/linitiative.ca\/International\/wp-json\/wp\/v2\/users\/1740"}],"replies":[{"embeddable":true,"href":"https:\/\/linitiative.ca\/International\/wp-json\/wp\/v2\/comments?post=62199"}],"version-history":[{"count":0,"href":"https:\/\/linitiative.ca\/International\/wp-json\/wp\/v2\/posts\/62199\/revisions"}],"wp:attachment":[{"href":"https:\/\/linitiative.ca\/International\/wp-json\/wp\/v2\/media?parent=62199"}],"wp:term":[{"taxonomy":"category","embeddable":true,"href":"https:\/\/linitiative.ca\/International\/wp-json\/wp\/v2\/categories?post=62199"},{"taxonomy":"post_tag","embeddable":true,"href":"https:\/\/linitiative.ca\/International\/wp-json\/wp\/v2\/tags?post=62199"}],"curies":[{"name":"wp","href":"https:\/\/api.w.org\/{rel}","templated":true}]}}