{"id":62200,"date":"2019-09-24T13:06:00","date_gmt":"2019-09-24T17:06:00","guid":{"rendered":"https:\/\/linitiative.ca\/International\/le-commissaire-salah-nouaceri-incarcere-a-sidi-bel-abbes\/"},"modified":"2019-09-24T13:06:00","modified_gmt":"2019-09-24T17:06:00","slug":"le-commissaire-salah-nouaceri-incarcere-a-sidi-bel-abbes","status":"publish","type":"post","link":"https:\/\/linitiative.ca\/International\/le-commissaire-salah-nouaceri-incarcere-a-sidi-bel-abbes\/","title":{"rendered":"Le commissaire Salah Nouaceri incarc\u00e9r\u00e9 \u00e0 Sidi Bel Abb\u00e8s"},"content":{"rendered":"<p><br id=\"sep_para_1\" class=\"sep_para access\"\/><\/p>\n<div id=\"para_1\" class=\"para_33138775 resize\">\n<div class=\"photo shadow left\"><a href=\"javascript:void(0)\" rel=\"https:\/\/www.reflexiondz.net\/photo\/art\/grande\/37590373-33138775.jpg?v=1569346689&#038;ibox\" title=\"Le commissaire Salah Nouaceri incarc\u00e9r\u00e9 \u00e0 Sidi Bel Abb\u00e8s\"><img decoding=\"async\" class=\"responsive c9\" src=\"https:\/\/www.reflexiondz.net\/photo\/art\/grande\/37590373-33138775.jpg?v=1569346689\" alt=\"Le commissaire Salah Nouaceri incarc\u00e9r\u00e9 \u00e0 Sidi Bel Abb\u00e8s\" title=\"Le commissaire Salah Nouaceri incarc\u00e9r\u00e9 \u00e0 Sidi Bel Abb\u00e8s\"\/><img decoding=\"async\" class=\"not-responsive\" src=\"https:\/\/www.reflexiondz.net\/photo\/art\/default\/37590373-33138775.jpg?v=1569346690\" alt=\"Le commissaire Salah Nouaceri incarc\u00e9r\u00e9 \u00e0 Sidi Bel Abb\u00e8s\" title=\"Le commissaire Salah Nouaceri incarc\u00e9r\u00e9 \u00e0 Sidi Bel Abb\u00e8s\"\/><\/a><\/div>\n<div class=\"texte access firstletter\">L\u2019ancien chef de s\u00fbret\u00e9 de la wilaya d\u2019Oran, Salah Nouaceri, a \u00e9t\u00e9 incarc\u00e9r\u00e9 \u00e0 la prison de Sidi Bel Abb\u00e8s, a-t-on appris de sources s\u00fbres. Limog\u00e9 le 9 juillet 2018 apr\u00e8s des soup\u00e7ons sur son implication dans l\u2019affaire des 701 kg de coca\u00efne plus connue comme l\u2019Affaire Kamel El Bouchi, Salah Nouaceri avait \u00e9t\u00e9 arr\u00eat\u00e9 le 15 ao\u00fbt dernier pour enrichissement illicite et pillage de l\u2019immobilier. Il avait \u00e9t\u00e9 arr\u00eat\u00e9 en compagnie de Yahia Bounaka, pr\u00e9sident de l\u2019Assembl\u00e9e populaire communale (APC) d\u2019Es-S\u00e9nia. Les enqu\u00eateurs avaient trouv\u00e9, en faisant l\u2019inventaire des biens de l\u2019ancien patron de la police oranaise, pas moins de 100 milliards de centimes de biens. Rappelons que l\u2019arrestation de l\u2019ex-chef de s\u00fbret\u00e9 d\u2019Oran, et contr\u00f4leur de la police, Nouaceri Salah, en compagnie du maire d\u2019Es-Senia, M.Yahia Bounaka, d\u2019un \u00e9lu de la commune d\u2019El Kerma, du commissaire de la m\u00eame commune et d\u2019un d\u00e9put\u00e9 RND s\u2019est faite dans le cadre d\u2019une enqu\u00eate sur un d\u00e9tournement de foncier. Ils devront r\u00e9pondre aux chefs d&rsquo;inculpation et d&rsquo;accusations de \u00ab\u00a0corruption\u00a0\u00bb dans plusieurs dossiers li\u00e9s \u00e0 sa gestion, notamment dans l&rsquo;affaire de l&rsquo;ex DGSN, Abdelghani Hamel. Par ailleurs, tout semble avoir un lien avec l\u2019affaire du directeur de\u00a0 l\u2019agence fonci\u00e8re d\u2019Oran, M. Mohamed Mebarki, arr\u00eat\u00e9, alors qu\u2019il tentait de prendre la fuite par la voie maritime \u00e0 bord d\u2019une embarcation de fortune \u00e0 partir de la plage des Coral\u00e8s .Il a \u00e9t\u00e9 \u00e9galement soulign\u00e9 l\u2019implication de Mohamed Mebarki dans des affaires de corruption et de dilapidation du foncier, notamment au niveau de la da\u00efra de Bir El Djir. Ce scandale risque de noyer l\u2019ex- wali d\u2019Oran Abdelghani Zaalane, croupissant actuellement \u00e0 la prison d\u2019El Harrach. Le domicile, ainsi que les bureaux d\u2019un homme d\u2019affaires membre du FLN proche de l\u2019ex-DGSN Abdelghani Hamel, ont \u00e9galement fait l\u2019objet de perquisition, selon des m\u00e9dias. Aucun d\u00e9tail concernant l\u2019identit\u00e9 de ce dernier n\u2019a \u00e9t\u00e9 rendu public pour le moment.<\/div>\n<\/div>\n<p>Auteur: R\u00e9flexion<br \/>\n<a href=\"https:\/\/www.reflexiondz.net\/Le-commissaire-Salah-Nouaceri-incarcere-a-Sidi-Bel-Abbes_a57816.html\">Cliquez ici pour lire l&rsquo;article depuis sa source.<\/a><\/p>\n","protected":false},"excerpt":{"rendered":"<p>L\u2019ancien chef de s\u00fbret\u00e9 de la wilaya d\u2019Oran, Salah Nouaceri, a \u00e9t\u00e9 incarc\u00e9r\u00e9 \u00e0 la prison de Sidi Bel Abb\u00e8s, a-t-on appris de sources s\u00fbres. Limog\u00e9 le 9 juillet 2018 apr\u00e8s des soup\u00e7ons sur son implication dans l\u2019affaire des 701 kg de coca\u00efne plus connue comme l\u2019Affaire Kamel El Bouchi, Salah Nouaceri avait \u00e9t\u00e9 arr\u00eat\u00e9 [&hellip;]<\/p>\n","protected":false},"author":1740,"featured_media":0,"comment_status":"closed","ping_status":"closed","sticky":false,"template":"","format":"standard","meta":{"fifu_image_url":"","fifu_image_alt":"","footnotes":""},"categories":[53,76],"tags":[],"class_list":["post-62200","post","type-post","status-publish","format-standard","hentry","category-algerie","category-regions"],"_links":{"self":[{"href":"https:\/\/linitiative.ca\/International\/wp-json\/wp\/v2\/posts\/62200","targetHints":{"allow":["GET"]}}],"collection":[{"href":"https:\/\/linitiative.ca\/International\/wp-json\/wp\/v2\/posts"}],"about":[{"href":"https:\/\/linitiative.ca\/International\/wp-json\/wp\/v2\/types\/post"}],"author":[{"embeddable":true,"href":"https:\/\/linitiative.ca\/International\/wp-json\/wp\/v2\/users\/1740"}],"replies":[{"embeddable":true,"href":"https:\/\/linitiative.ca\/International\/wp-json\/wp\/v2\/comments?post=62200"}],"version-history":[{"count":0,"href":"https:\/\/linitiative.ca\/International\/wp-json\/wp\/v2\/posts\/62200\/revisions"}],"wp:attachment":[{"href":"https:\/\/linitiative.ca\/International\/wp-json\/wp\/v2\/media?parent=62200"}],"wp:term":[{"taxonomy":"category","embeddable":true,"href":"https:\/\/linitiative.ca\/International\/wp-json\/wp\/v2\/categories?post=62200"},{"taxonomy":"post_tag","embeddable":true,"href":"https:\/\/linitiative.ca\/International\/wp-json\/wp\/v2\/tags?post=62200"}],"curies":[{"name":"wp","href":"https:\/\/api.w.org\/{rel}","templated":true}]}}