{"id":62201,"date":"2019-09-24T12:09:21","date_gmt":"2019-09-24T16:09:21","guid":{"rendered":"https:\/\/linitiative.ca\/International\/incendie-dans-une-maternite-a-el-oued-huit-nouveau-nes-decedes\/"},"modified":"2019-09-24T12:09:21","modified_gmt":"2019-09-24T16:09:21","slug":"incendie-dans-une-maternite-a-el-oued-huit-nouveau-nes-decedes","status":"publish","type":"post","link":"https:\/\/linitiative.ca\/International\/incendie-dans-une-maternite-a-el-oued-huit-nouveau-nes-decedes\/","title":{"rendered":"Incendie dans une maternit\u00e9 \u00e0 El Oued : huit nouveau-n\u00e9s d\u00e9c\u00e9d\u00e9s"},"content":{"rendered":"<p><br class=\"autobr\"\/><br \/>\nHuit (8) nouveau-n\u00e9s sont morts dans un incendie survenu t\u00f4t mardi dans la maternit\u00e9 de la cit\u00e9 du 17 octobre \u00e0 El-Oued, et plus de 70 personnes ont \u00e9t\u00e9 secourues, selon une source de la protection civile.<\/p>\n<p><br class=\"autobr\"\/><br \/>\nHuit nouveau-n\u00e9s sont d\u00e9c\u00e9d\u00e9s, trois des suites de brulures et les 5 autres par asphyxie, tandis que plus de 70 personnes ont pu \u00eatre secourues, dont 11 nouveau-n\u00e9s, 37 femmes, et 25 travailleurs, a-t-on pr\u00e9cis\u00e9 de m\u00eame source.<\/p>\n<p><br class=\"autobr\"\/><br \/>\nL\u2019origine de l\u2019incendie survenu vers 4h00 serait due \u00e0 un court-circuit \u00e9lectrique, selon les premiers \u00e9l\u00e9ments d\u2019informations recueillis sur place.<\/p>\n<p><br class=\"autobr\"\/><img decoding=\"async\" alt=\"\" src=\"http:\/\/www.jeune-independant.net\/IMG\/UserFiles\/Images\/FB_IMG_1569312314638_634349200.jpg\" class=\"c3\"\/><\/p>\n<p><br class=\"autobr\"\/><br \/>\nContact\u00e9s par l\u2019APS, ni le directeur de la maternit\u00e9, ni le directeur de la sant\u00e9 de la wilaya n\u2019ont voulu s\u2019exprimer sur ce drame.<\/p>\n<p><br class=\"autobr\"\/><br \/>\n-APS-<\/p>\n<p>Auteur: Boudjedri<br \/>\n<a href=\"http:\/\/www.jeune-independant.net\/Incendie-dans-une-maternite-a-El.html\">Cliquez ici pour lire l&rsquo;article depuis sa source.<\/a><\/p>\n","protected":false},"excerpt":{"rendered":"<p>Huit (8) nouveau-n\u00e9s sont morts dans un incendie survenu t\u00f4t mardi dans la maternit\u00e9 de la cit\u00e9 du 17 octobre \u00e0 El-Oued, et plus de 70 personnes ont \u00e9t\u00e9 secourues, selon une source de la protection civile. Huit nouveau-n\u00e9s sont d\u00e9c\u00e9d\u00e9s, trois des suites de brulures et les 5 autres par asphyxie, tandis que plus [&hellip;]<\/p>\n","protected":false},"author":1737,"featured_media":62202,"comment_status":"closed","ping_status":"closed","sticky":false,"template":"","format":"standard","meta":{"fifu_image_url":"","fifu_image_alt":"","footnotes":""},"categories":[73,53],"tags":[],"class_list":["post-62201","post","type-post","status-publish","format-standard","has-post-thumbnail","hentry","category-actualite","category-algerie"],"_links":{"self":[{"href":"https:\/\/linitiative.ca\/International\/wp-json\/wp\/v2\/posts\/62201","targetHints":{"allow":["GET"]}}],"collection":[{"href":"https:\/\/linitiative.ca\/International\/wp-json\/wp\/v2\/posts"}],"about":[{"href":"https:\/\/linitiative.ca\/International\/wp-json\/wp\/v2\/types\/post"}],"author":[{"embeddable":true,"href":"https:\/\/linitiative.ca\/International\/wp-json\/wp\/v2\/users\/1737"}],"replies":[{"embeddable":true,"href":"https:\/\/linitiative.ca\/International\/wp-json\/wp\/v2\/comments?post=62201"}],"version-history":[{"count":0,"href":"https:\/\/linitiative.ca\/International\/wp-json\/wp\/v2\/posts\/62201\/revisions"}],"wp:featuredmedia":[{"embeddable":true,"href":"https:\/\/linitiative.ca\/International\/wp-json\/"}],"wp:attachment":[{"href":"https:\/\/linitiative.ca\/International\/wp-json\/wp\/v2\/media?parent=62201"}],"wp:term":[{"taxonomy":"category","embeddable":true,"href":"https:\/\/linitiative.ca\/International\/wp-json\/wp\/v2\/categories?post=62201"},{"taxonomy":"post_tag","embeddable":true,"href":"https:\/\/linitiative.ca\/International\/wp-json\/wp\/v2\/tags?post=62201"}],"curies":[{"name":"wp","href":"https:\/\/api.w.org\/{rel}","templated":true}]}}