{"id":62206,"date":"2019-09-24T13:42:00","date_gmt":"2019-09-24T17:42:00","guid":{"rendered":"https:\/\/linitiative.ca\/International\/la-reponse-de-chahed-a-zbidi-votre-appel-a-dix-jours-des-legislatives-est-irresponsable\/"},"modified":"2019-09-24T13:42:00","modified_gmt":"2019-09-24T17:42:00","slug":"la-reponse-de-chahed-a-zbidi-votre-appel-a-dix-jours-des-legislatives-est-irresponsable","status":"publish","type":"post","link":"https:\/\/linitiative.ca\/International\/la-reponse-de-chahed-a-zbidi-votre-appel-a-dix-jours-des-legislatives-est-irresponsable\/","title":{"rendered":"La r\u00e9ponse de Chahed \u00e0 Zbidi : \u00abvotre appel \u00e0 dix jours des l\u00e9gislatives  est irresponsable\u00bb"},"content":{"rendered":"<div class=\"col-xs-2 col-sm-2 col-md-1 col-lg-1\"><img decoding=\"async\" src=\"\/images\/front\/img_commentaire.png\" alt=\"\"\/><\/div>\n<div class=\"col-xs-10 col-sm-10 col-md-11 col-lg-11\" readability=\"17\">\n<p><strong>maryd<\/strong> &#8211; 24-09-2019 18:23<\/p>\n<p>Monsieur Chahed est soit na\u00eff ou il pense prendre les Tunisiens pour des attard\u00e9s mentales . YC n&rsquo;a pas assez d&rsquo;inventer des mensonges ,mais le pire c&rsquo;est que a force de se les r\u00e9p\u00e9ter , il finit par les croire . Mr Chahed a du (( yestarjel , ou yekrem lahitou bi ydih )) avoir le minimum de un de modestie et de dignit\u00e9 et dispara\u00eetre de la vie politique. Tous le monde lui a dit qu &lsquo;il est grill\u00e9 , alors il ne faut pas br\u00fbler pas le partie qui l&rsquo;a \u00e9lu a sa t\u00e8te et surtout pas toute la famille des centristes . La d\u00e9mission que lui a demand\u00e9 son a\u00een\u00e9 et son professeur en tous domaine , est celle de la chefferie son partie bien entendu . Mais si Mr YC penserait qu&rsquo;il aurait vous fait quelque chose a notre pays , je peut lui dire qu&rsquo;il n&rsquo;est entrain de mentir qu&rsquo;a lui m\u00eame et \u00e7a devient grave car c&rsquo;est pathologique . Car si le gouvernement est aveugle depuis 3 ans , c&rsquo;est parce qu&rsquo;il n&rsquo; ya pas de chef a sa t\u00e8te alors sans ou avec YC \u00e7a ne changera rien . Mais Mr ZBIDI n&rsquo;a jamais sous entendu la d\u00e9mission de YC du gouvernement car il sait certainement tous ce que j&rsquo;ai \u00e9crit ; mais YC est comme toujours le seul a comprendre ce qui l&rsquo;arrange et il n&rsquo;a pas l\u2019honn\u00eatet\u00e9 ni le courage et encore moins la responsabilit\u00e9 d&rsquo;un vrai homme politique . Avec mes respect<\/p>\n<\/div>\n<p>Auteur:<br \/>\n<a href=\"https:\/\/www.leaders.com.tn\/article\/28049-la-reponse-de-chahed-a-zbidi-votre-appel-a-dix-jours-des-legislatives-est-irresponsable\">Cliquez ici pour lire l&rsquo;article depuis sa source.<\/a><\/p>\n","protected":false},"excerpt":{"rendered":"<p>maryd &#8211; 24-09-2019 18:23 Monsieur Chahed est soit na\u00eff ou il pense prendre les Tunisiens pour des attard\u00e9s mentales . YC n&rsquo;a pas assez d&rsquo;inventer des mensonges ,mais le pire c&rsquo;est que a force de se les r\u00e9p\u00e9ter , il finit par les croire . Mr Chahed a du (( yestarjel , ou yekrem lahitou [&hellip;]<\/p>\n","protected":false},"author":1772,"featured_media":62207,"comment_status":"closed","ping_status":"closed","sticky":false,"template":"","format":"standard","meta":{"fifu_image_url":"","fifu_image_alt":"","footnotes":""},"categories":[73,55],"tags":[],"class_list":["post-62206","post","type-post","status-publish","format-standard","has-post-thumbnail","hentry","category-actualite","category-tunisie"],"_links":{"self":[{"href":"https:\/\/linitiative.ca\/International\/wp-json\/wp\/v2\/posts\/62206","targetHints":{"allow":["GET"]}}],"collection":[{"href":"https:\/\/linitiative.ca\/International\/wp-json\/wp\/v2\/posts"}],"about":[{"href":"https:\/\/linitiative.ca\/International\/wp-json\/wp\/v2\/types\/post"}],"author":[{"embeddable":true,"href":"https:\/\/linitiative.ca\/International\/wp-json\/wp\/v2\/users\/1772"}],"replies":[{"embeddable":true,"href":"https:\/\/linitiative.ca\/International\/wp-json\/wp\/v2\/comments?post=62206"}],"version-history":[{"count":0,"href":"https:\/\/linitiative.ca\/International\/wp-json\/wp\/v2\/posts\/62206\/revisions"}],"wp:featuredmedia":[{"embeddable":true,"href":"https:\/\/linitiative.ca\/International\/wp-json\/"}],"wp:attachment":[{"href":"https:\/\/linitiative.ca\/International\/wp-json\/wp\/v2\/media?parent=62206"}],"wp:term":[{"taxonomy":"category","embeddable":true,"href":"https:\/\/linitiative.ca\/International\/wp-json\/wp\/v2\/categories?post=62206"},{"taxonomy":"post_tag","embeddable":true,"href":"https:\/\/linitiative.ca\/International\/wp-json\/wp\/v2\/tags?post=62206"}],"curies":[{"name":"wp","href":"https:\/\/api.w.org\/{rel}","templated":true}]}}