{"id":62208,"date":"2019-09-24T14:20:00","date_gmt":"2019-09-24T18:20:00","guid":{"rendered":"https:\/\/linitiative.ca\/International\/mohamed-ennaceur-honore-la-famille-sportive-album-photos\/"},"modified":"2019-09-24T14:20:00","modified_gmt":"2019-09-24T18:20:00","slug":"mohamed-ennaceur-honore-la-famille-sportive-album-photos","status":"publish","type":"post","link":"https:\/\/linitiative.ca\/International\/mohamed-ennaceur-honore-la-famille-sportive-album-photos\/","title":{"rendered":"Mohamed Ennaceur  honore la famille sportive (Album Photos)"},"content":{"rendered":"<p>Au cours d\u2019une c\u00e9r\u00e9monie organis\u00e9e\u00a0 ce mardi au palais de Carthage, le pr\u00e9sident de la R\u00e9publique par int\u00e9rim, Mohamed Ennaceur a proc\u00e9d\u00e9 \u00e0 la remise de d\u00e9corations \u00e0 un certain nombre de sportifs qui se sont distingu\u00e9s aux niveaux r\u00e9gional\u00a0 et international ainsi qu\u2019aux cadres dont l\u2019apport a contribu\u00e9 \u00e0 l\u2019essor de certaines disciplines sportives. Il appel\u00e9 la famille sportive\u00a0 \u00e0 pers\u00e9v\u00e9rer dans ses efforts\u00a0 pour le bien du sport national. Il a ensuite remis leurs d\u00e9corations aux athl\u00e8tes\u00a0 et cadres sportifs suivants:<\/p>\n<p><span class=\"c2\"><strong>Grand officier<\/strong><\/span><\/p>\n<ul>\n<li>Youn\u00e8s Chetali<\/li>\n<\/ul>\n<p><span class=\"c2\"><strong>Commandeur<\/strong><\/span><\/p>\n<ul>\n<li>Mahrez Bousayenne<\/li>\n<\/ul>\n<p><span class=\"c2\"><strong>Officier<\/strong><\/span><\/p>\n<ul>\n<li>Rabia Najlaoui<\/li>\n<li>Wadii El Jari<\/li>\n<li>Ali Benzerti<\/li>\n<li>Mourad El Mestiri<\/li>\n<\/ul>\n<p>Il a \u00e9galement remis le grade de chevalier de l\u2019ordre du m\u00e9rite sportif aux athl\u00e8tes suivants : Nihel Cheikhrouhou, Mouna Beji, Mouna B\u00e9ji et Monem el Abed, premier sportif tunisien \u00e0 avoir particip\u00e9 aux jeux\u00a0 paralympiques (S\u00e9oul 1988).<\/p>\n<p>Auteur:<br \/>\n<a href=\"https:\/\/www.leaders.com.tn\/article\/28050-mohamed-ennaceur-honore-la-famille-sportive\">Cliquez ici pour lire l&rsquo;article depuis sa source.<\/a><\/p>\n","protected":false},"excerpt":{"rendered":"<p>Au cours d\u2019une c\u00e9r\u00e9monie organis\u00e9e\u00a0 ce mardi au palais de Carthage, le pr\u00e9sident de la R\u00e9publique par int\u00e9rim, Mohamed Ennaceur a proc\u00e9d\u00e9 \u00e0 la remise de d\u00e9corations \u00e0 un certain nombre de sportifs qui se sont distingu\u00e9s aux niveaux r\u00e9gional\u00a0 et international ainsi qu\u2019aux cadres dont l\u2019apport a contribu\u00e9 \u00e0 l\u2019essor de certaines disciplines sportives. [&hellip;]<\/p>\n","protected":false},"author":1772,"featured_media":0,"comment_status":"closed","ping_status":"closed","sticky":false,"template":"","format":"standard","meta":{"fifu_image_url":"","fifu_image_alt":"","footnotes":""},"categories":[73,55],"tags":[],"class_list":["post-62208","post","type-post","status-publish","format-standard","hentry","category-actualite","category-tunisie"],"_links":{"self":[{"href":"https:\/\/linitiative.ca\/International\/wp-json\/wp\/v2\/posts\/62208","targetHints":{"allow":["GET"]}}],"collection":[{"href":"https:\/\/linitiative.ca\/International\/wp-json\/wp\/v2\/posts"}],"about":[{"href":"https:\/\/linitiative.ca\/International\/wp-json\/wp\/v2\/types\/post"}],"author":[{"embeddable":true,"href":"https:\/\/linitiative.ca\/International\/wp-json\/wp\/v2\/users\/1772"}],"replies":[{"embeddable":true,"href":"https:\/\/linitiative.ca\/International\/wp-json\/wp\/v2\/comments?post=62208"}],"version-history":[{"count":0,"href":"https:\/\/linitiative.ca\/International\/wp-json\/wp\/v2\/posts\/62208\/revisions"}],"wp:attachment":[{"href":"https:\/\/linitiative.ca\/International\/wp-json\/wp\/v2\/media?parent=62208"}],"wp:term":[{"taxonomy":"category","embeddable":true,"href":"https:\/\/linitiative.ca\/International\/wp-json\/wp\/v2\/categories?post=62208"},{"taxonomy":"post_tag","embeddable":true,"href":"https:\/\/linitiative.ca\/International\/wp-json\/wp\/v2\/tags?post=62208"}],"curies":[{"name":"wp","href":"https:\/\/api.w.org\/{rel}","templated":true}]}}