{"id":62209,"date":"2019-09-24T06:00:00","date_gmt":"2019-09-24T10:00:00","guid":{"rendered":"https:\/\/linitiative.ca\/International\/une-nouvelle-journee-noire-sur-la-rn-9\/"},"modified":"2019-09-24T06:00:00","modified_gmt":"2019-09-24T10:00:00","slug":"une-nouvelle-journee-noire-sur-la-rn-9","status":"publish","type":"post","link":"https:\/\/linitiative.ca\/International\/une-nouvelle-journee-noire-sur-la-rn-9\/","title":{"rendered":"Une nouvelle journ\u00e9e noire sur la RN 9"},"content":{"rendered":"<p>La RN 9 a \u00e9t\u00e9 une nouvelle fois ferm\u00e9e \u00e0 la circulation automobile, hier lundi \u00e0 Tichy, plus pr\u00e9cis\u00e9ment au niveau du lieudit Hersous par des villageois de A\u00eft Melloul situ\u00e9e sur les hauteurs de cette municipalit\u00e9 baln\u00e9aire de Tichy. Par ce nouveau blocage de la route, les villageois protestataires veulent faire pression sur les pouvoirs publics afin de les pousser \u00e0 prendre en charge leurs pr\u00e9occupations sociales.<br \/>Entre autres dol\u00e9ances, la r\u00e9fection imm\u00e9diate de la route menant vers leur cit\u00e9, l\u2019am\u00e9lioration du r\u00e9seau \u00e9lectrique, l\u2019AEP, le raccordement du gaz de ville et l\u2019assainissement.<br \/>Des revendications maintes fois r\u00e9it\u00e9r\u00e9es mais qui tardent \u00e0 voir le jour sur le terrain, se plaignent les habitants. Il faut signaler que des centaines d\u2019automobilistes ont \u00e9t\u00e9 pris en otage dans des embouteillages monstres comme \u00e0 chaque action de protestation.<br \/>Une situation o\u00f9 les habitants, depuis plusieurs ann\u00e9es, subissent l\u2019indiff\u00e9rence totale des autorit\u00e9s concern\u00e9es dans un d\u00e9sordre total qui empoisonne le quotidien des citoyens dans leurs d\u00e9placements. Les usagers qui circulent \u00e0 travers la wilaya, les travailleurs, les \u00e9tudiants qui empruntent cet important axe routier reliant la wilaya de B\u00e9ja\u00efa et les wilayas de l\u2019est du pays, se sont retrouv\u00e9s de nouveau contraints \u00e0 subir le diktat d\u2019autres citoyens qui ont renou\u00e9 depuis une semaine avec ce genre d\u2019actions radicales pour se faire entendre.<br \/>A. K.<\/p>\n<p>Auteur:<br \/>\n<a href=\"https:\/\/www.lesoirdalgerie.com\/regions\/une-nouvelle-journee-noire-sur-la-rn-9-30724\">Cliquez ici pour lire l&rsquo;article depuis sa source.<\/a><\/p>\n","protected":false},"excerpt":{"rendered":"<p>La RN 9 a \u00e9t\u00e9 une nouvelle fois ferm\u00e9e \u00e0 la circulation automobile, hier lundi \u00e0 Tichy, plus pr\u00e9cis\u00e9ment au niveau du lieudit Hersous par des villageois de A\u00eft Melloul situ\u00e9e sur les hauteurs de cette municipalit\u00e9 baln\u00e9aire de Tichy. Par ce nouveau blocage de la route, les villageois protestataires veulent faire pression sur les [&hellip;]<\/p>\n","protected":false},"author":1741,"featured_media":0,"comment_status":"closed","ping_status":"closed","sticky":false,"template":"","format":"standard","meta":{"fifu_image_url":"","fifu_image_alt":"","footnotes":""},"categories":[73,53],"tags":[],"class_list":["post-62209","post","type-post","status-publish","format-standard","hentry","category-actualite","category-algerie"],"_links":{"self":[{"href":"https:\/\/linitiative.ca\/International\/wp-json\/wp\/v2\/posts\/62209","targetHints":{"allow":["GET"]}}],"collection":[{"href":"https:\/\/linitiative.ca\/International\/wp-json\/wp\/v2\/posts"}],"about":[{"href":"https:\/\/linitiative.ca\/International\/wp-json\/wp\/v2\/types\/post"}],"author":[{"embeddable":true,"href":"https:\/\/linitiative.ca\/International\/wp-json\/wp\/v2\/users\/1741"}],"replies":[{"embeddable":true,"href":"https:\/\/linitiative.ca\/International\/wp-json\/wp\/v2\/comments?post=62209"}],"version-history":[{"count":0,"href":"https:\/\/linitiative.ca\/International\/wp-json\/wp\/v2\/posts\/62209\/revisions"}],"wp:attachment":[{"href":"https:\/\/linitiative.ca\/International\/wp-json\/wp\/v2\/media?parent=62209"}],"wp:term":[{"taxonomy":"category","embeddable":true,"href":"https:\/\/linitiative.ca\/International\/wp-json\/wp\/v2\/categories?post=62209"},{"taxonomy":"post_tag","embeddable":true,"href":"https:\/\/linitiative.ca\/International\/wp-json\/wp\/v2\/tags?post=62209"}],"curies":[{"name":"wp","href":"https:\/\/api.w.org\/{rel}","templated":true}]}}