{"id":62210,"date":"2019-09-24T06:00:00","date_gmt":"2019-09-24T10:00:00","guid":{"rendered":"https:\/\/linitiative.ca\/International\/la-coordination-des-maires-lancee\/"},"modified":"2019-09-24T06:00:00","modified_gmt":"2019-09-24T10:00:00","slug":"la-coordination-des-maires-lancee","status":"publish","type":"post","link":"https:\/\/linitiative.ca\/International\/la-coordination-des-maires-lancee\/","title":{"rendered":"La Coordination des maires lanc\u00e9e"},"content":{"rendered":"<p>La Coordination des maires de Tizi-Ouzou est n\u00e9e, officiellement, lundi au si\u00e8ge de l\u2019APW de Tizi-Ouzou, lors d\u2019une r\u00e9union qui a regroup\u00e9 une quarantaine de pr\u00e9sidents d\u2019APC sur les 67 que compte la wilaya.<br \/>Il s\u2019agit plut\u00f4t d\u2019une relance, puisque la structure a \u00e9t\u00e9 mise en place au mois de juin dernier dans le sillage du mouvement populaire.<br \/>L\u2019objectif de ces maires issus de diverses ob\u00e9diences politiques (RCD, FFS, FLN et RND), en se structurant dans une coordination, est de mettre en synergie leurs efforts pour trouver les m\u00e9canismes n\u00e9cessaires pour la promotion du d\u00e9veloppement local au niveau de leurs communes respectives.<br \/>On explique que la coordination sera un espace de concertation et de d\u00e9bat entre les \u00e9lus qui auront \u00e0 c\u0153ur de renforcer les liens de solidarit\u00e9 entre les communes, en initiant des projets d\u2019int\u00e9r\u00eat commun dans le cadre de l\u2019intercommunalit\u00e9.<br \/>Selon un participant, les P\/APC auront \u00e0 chercher les moyens qui permettraient d&rsquo;am\u00e9liorer les ressources financi\u00e8res des collectivit\u00e9s comme ils auront \u00e0 d\u00e9fendre le principe d&rsquo;\u00e9quit\u00e9 et de transparence dans la r\u00e9partition des budgets communaux.<br \/>Sur le plan organique, les \u00e9lus ont \u00e9lu un bureau de neuf membres qui, \u00e0 leur tour, ont choisi le coordinateur de la structure, et adopt\u00e9 le r\u00e8glement qui r\u00e9gira le fonctionnement de cette organisation qui servira d\u2019interface avec l\u2019administration.<br \/>Aussi, les maires ont en t\u00eate de cr\u00e9er un rapport de force face \u00e0 une tutelle (l\u2019administration) jug\u00e9e trop envahissante en r\u00e9duisant leurs pr\u00e9rogatives d\u2019\u00e9lus du peuple. D\u2019autant plus, consid\u00e8re-t-on, que la promesse de la r\u00e9vision du code communal faite par l\u2019actuel premier ministre, lorsqu\u2019il avait en charge le portefeuille du minist\u00e8re de l\u2019Int\u00e9rieur et des collectivit\u00e9s locales, est rest\u00e9e lettre morte.<br \/>La question de l\u2019\u00e9lection pr\u00e9sidentielle du 12 d\u00e9cembre prochain a \u00e9t\u00e9 \u00e9voqu\u00e9e par les P\/APC. Le boycott pr\u00e9conis\u00e9, avant le rendez-vous \u00e9lectoral annul\u00e9 du printemps dernier, n\u2019est plus \u00e0 l\u2019ordre du jour.<br \/>En effet, et en vertu des nouveaux m\u00e9canismes \u00e9lectoraux qui viennent d\u2019\u00eatre adopt\u00e9s, l\u2019ensemble des d\u00e9membrements de l\u2019Etat, \u00e0 savoir les walis, les chefs de da\u00efra ainsi que les P\/APC, ont \u00e9t\u00e9 d\u00e9chus de leurs pr\u00e9rogatives l\u00e9gales de l\u2019organisation des \u00e9lections qui sont d\u00e9sormais d\u00e9volues \u00e0 la nouvelle Autorit\u00e9 pr\u00e9sid\u00e9e par Mohamed Charfi.<br \/>Une d\u00e9claration de principe qui portera sur le rejet des \u00e9lections du 12 d\u00e9cembre prochain devra \u00eatre adopt\u00e9e par les \u00e9lus qui se disent tous partie prenante de la position adopt\u00e9e par le peuple face \u00e0 ce rendez-vous \u00e9lectoral.<br \/>S. A. M.<\/p>\n<p>Auteur:<br \/>\n<a href=\"https:\/\/www.lesoirdalgerie.com\/regions\/la-coordination-des-maires-lancee-30723\">Cliquez ici pour lire l&rsquo;article depuis sa source.<\/a><\/p>\n","protected":false},"excerpt":{"rendered":"<p>La Coordination des maires de Tizi-Ouzou est n\u00e9e, officiellement, lundi au si\u00e8ge de l\u2019APW de Tizi-Ouzou, lors d\u2019une r\u00e9union qui a regroup\u00e9 une quarantaine de pr\u00e9sidents d\u2019APC sur les 67 que compte la wilaya.Il s\u2019agit plut\u00f4t d\u2019une relance, puisque la structure a \u00e9t\u00e9 mise en place au mois de juin dernier dans le sillage du [&hellip;]<\/p>\n","protected":false},"author":1741,"featured_media":0,"comment_status":"closed","ping_status":"closed","sticky":false,"template":"","format":"standard","meta":{"fifu_image_url":"","fifu_image_alt":"","footnotes":""},"categories":[73,53],"tags":[],"class_list":["post-62210","post","type-post","status-publish","format-standard","hentry","category-actualite","category-algerie"],"_links":{"self":[{"href":"https:\/\/linitiative.ca\/International\/wp-json\/wp\/v2\/posts\/62210","targetHints":{"allow":["GET"]}}],"collection":[{"href":"https:\/\/linitiative.ca\/International\/wp-json\/wp\/v2\/posts"}],"about":[{"href":"https:\/\/linitiative.ca\/International\/wp-json\/wp\/v2\/types\/post"}],"author":[{"embeddable":true,"href":"https:\/\/linitiative.ca\/International\/wp-json\/wp\/v2\/users\/1741"}],"replies":[{"embeddable":true,"href":"https:\/\/linitiative.ca\/International\/wp-json\/wp\/v2\/comments?post=62210"}],"version-history":[{"count":0,"href":"https:\/\/linitiative.ca\/International\/wp-json\/wp\/v2\/posts\/62210\/revisions"}],"wp:attachment":[{"href":"https:\/\/linitiative.ca\/International\/wp-json\/wp\/v2\/media?parent=62210"}],"wp:term":[{"taxonomy":"category","embeddable":true,"href":"https:\/\/linitiative.ca\/International\/wp-json\/wp\/v2\/categories?post=62210"},{"taxonomy":"post_tag","embeddable":true,"href":"https:\/\/linitiative.ca\/International\/wp-json\/wp\/v2\/tags?post=62210"}],"curies":[{"name":"wp","href":"https:\/\/api.w.org\/{rel}","templated":true}]}}