{"id":62211,"date":"2019-09-24T06:00:00","date_gmt":"2019-09-24T10:00:00","guid":{"rendered":"https:\/\/linitiative.ca\/International\/la-gestion-des-dechets-menagers-et-industriels-en-debat-a-ait-toudert\/"},"modified":"2019-09-24T06:00:00","modified_gmt":"2019-09-24T10:00:00","slug":"la-gestion-des-dechets-menagers-et-industriels-en-debat-a-ait-toudert","status":"publish","type":"post","link":"https:\/\/linitiative.ca\/International\/la-gestion-des-dechets-menagers-et-industriels-en-debat-a-ait-toudert\/","title":{"rendered":"La gestion des d\u00e9chets m\u00e9nagers et industriels en d\u00e9bat \u00e0 A\u00eft-Toudert"},"content":{"rendered":"<p>Un s\u00e9minaire national d\u00e9di\u00e9 \u00e0 la gestion int\u00e9gr\u00e9e des d\u00e9chets m\u00e9nagers et industriels se tiendra mercredi et jeudi \u00e0 A\u00eft- Toudert<br \/>Initi\u00e9e par l\u2019association scientifique Iger n Tussna d\u2019A\u00eft-Toudert, dans la da\u00efra des Ouacifs, en \u00e9troite collaboration avec l\u2019universit\u00e9 Mouloud-Mammeri et l\u2019Agence th\u00e9matique de recherche en biotechnologie et sciences agroalimentaires de Tizi-ouzou, cette rencontre, de deux jours, la troisi\u00e8me du genre, traitera, cette fois-ci, de la probl\u00e9matique des d\u00e9chets m\u00e9nagers et industriels. Quand on sait que les d\u00e9chets m\u00e9nagers et industriels sont actuellement g\u00e9n\u00e9r\u00e9s dans notre pays en quantit\u00e9s astronomiques, r\u00e9sultante de la croissance d\u00e9mographique et de l\u2019augmentation des activit\u00e9s industrielles. Leur gestion irrationnelle demeure une pr\u00e9occupation majeure compte tenu de leurs cons\u00e9quences n\u00e9fastes sur l\u2019environnement et la sant\u00e9 publique.<br \/>D\u2019o\u00f9 la n\u00e9cessit\u00e9 d\u2019une gestion rationnelle et durable de ces d\u00e9chets m\u00e9nagers et industriels, outre leur r\u00e9duction devenue indispensable pour pr\u00e9server l&rsquo;environnement et l&rsquo;avenir des g\u00e9n\u00e9rations futures.<br \/>Lors de ce s\u00e9minaire, les participants, dont des enseignants et des professeurs venus de nombreuses universit\u00e9 du pays, (Tizi-Ouzou, Alger, B\u00e9ja\u00efa, Oran Tipasa et Constantine, en sus de repr\u00e9sentants d\u2019entreprises et d\u2018institutions \u00e9tatiques, tenteront de cerner les enjeux de la gestion int\u00e9gr\u00e9e des d\u00e9chets et les perspectives privil\u00e9giant l&rsquo;attitude \u00e9cologique, sensible \u00e0 la protection du cadre de vie et \u00e0 l&rsquo;utilisation \u00e9conomique des ressources naturelles, essentielle au d\u00e9veloppement durable.<br \/>Entre autres th\u00e8mes retenus, ceux li\u00e9s aux fili\u00e8res de traitement des d\u00e9chets m\u00e9nagers et industriels, de l\u2019investissement, de la l\u00e9gislation, de la prise de conscience collective, des engagements dans les politiques et les actions nationales.<br \/>Il se veut une plateforme d\u2019\u00e9changes de connaissances et d\u2019exp\u00e9riences entre les chercheurs, les universitaires, les autorit\u00e9s locales et nationales, les industriels, les associations locales et nationales, et la soci\u00e9t\u00e9 civile.<br \/>Des exemples vivants de prise en charge de ce souci environnemental seront expos\u00e9s durant ce s\u00e9minaire. Comme l\u2019accompagnement de trois villages de la commune de Bouzeguene (Taourirt, Ahrik, Sahel) pour la consolidation du tri\/compostage des d\u00e9chets m\u00e9nagers, l\u2019\u00e9valuation du syst\u00e8me de gestion des d\u00e9chets d\u2019activit\u00e9 de soins (DAS) au sein de l\u2019H\u00f4pital militaire r\u00e9gional universitaire d\u2019Oran ou encore le traitement et l\u2019analyse des effluents industriels au niveau de l\u2019entreprise Eniem de Tizi-Ouzou.<br \/>Des conf\u00e9rences, des communications, des ateliers ainsi qu\u2019une exposition de produits de valorisation des d\u00e9chets sont pr\u00e9vus dans le programme.<br \/>A l&rsquo;issue de ce s\u00e9minaire, il sera remis des prix aux auteurs des meilleures affiches, avec en sus, une visite touristique sur le site de Tikjda situ\u00e9 sur la cha\u00eene montagneuse du Djurdjura.<br \/>M. K.<\/p>\n<p>Auteur:<br \/>\n<a href=\"https:\/\/www.lesoirdalgerie.com\/regions\/la-gestion-des-dechets-menagers-et-industriels-en-debat-a-ait-toudert-30722\">Cliquez ici pour lire l&rsquo;article depuis sa source.<\/a><\/p>\n","protected":false},"excerpt":{"rendered":"<p>Un s\u00e9minaire national d\u00e9di\u00e9 \u00e0 la gestion int\u00e9gr\u00e9e des d\u00e9chets m\u00e9nagers et industriels se tiendra mercredi et jeudi \u00e0 A\u00eft- ToudertIniti\u00e9e par l\u2019association scientifique Iger n Tussna d\u2019A\u00eft-Toudert, dans la da\u00efra des Ouacifs, en \u00e9troite collaboration avec l\u2019universit\u00e9 Mouloud-Mammeri et l\u2019Agence th\u00e9matique de recherche en biotechnologie et sciences agroalimentaires de Tizi-ouzou, cette rencontre, de deux [&hellip;]<\/p>\n","protected":false},"author":1741,"featured_media":0,"comment_status":"closed","ping_status":"closed","sticky":false,"template":"","format":"standard","meta":{"fifu_image_url":"","fifu_image_alt":"","footnotes":""},"categories":[73,53],"tags":[],"class_list":["post-62211","post","type-post","status-publish","format-standard","hentry","category-actualite","category-algerie"],"_links":{"self":[{"href":"https:\/\/linitiative.ca\/International\/wp-json\/wp\/v2\/posts\/62211","targetHints":{"allow":["GET"]}}],"collection":[{"href":"https:\/\/linitiative.ca\/International\/wp-json\/wp\/v2\/posts"}],"about":[{"href":"https:\/\/linitiative.ca\/International\/wp-json\/wp\/v2\/types\/post"}],"author":[{"embeddable":true,"href":"https:\/\/linitiative.ca\/International\/wp-json\/wp\/v2\/users\/1741"}],"replies":[{"embeddable":true,"href":"https:\/\/linitiative.ca\/International\/wp-json\/wp\/v2\/comments?post=62211"}],"version-history":[{"count":0,"href":"https:\/\/linitiative.ca\/International\/wp-json\/wp\/v2\/posts\/62211\/revisions"}],"wp:attachment":[{"href":"https:\/\/linitiative.ca\/International\/wp-json\/wp\/v2\/media?parent=62211"}],"wp:term":[{"taxonomy":"category","embeddable":true,"href":"https:\/\/linitiative.ca\/International\/wp-json\/wp\/v2\/categories?post=62211"},{"taxonomy":"post_tag","embeddable":true,"href":"https:\/\/linitiative.ca\/International\/wp-json\/wp\/v2\/tags?post=62211"}],"curies":[{"name":"wp","href":"https:\/\/api.w.org\/{rel}","templated":true}]}}