{"id":62213,"date":"2019-09-24T06:00:00","date_gmt":"2019-09-24T10:00:00","guid":{"rendered":"https:\/\/linitiative.ca\/International\/des-villageois-ferment-le-siege-de-lapc-doued-el-berdi\/"},"modified":"2019-09-24T06:00:00","modified_gmt":"2019-09-24T10:00:00","slug":"des-villageois-ferment-le-siege-de-lapc-doued-el-berdi","status":"publish","type":"post","link":"https:\/\/linitiative.ca\/International\/des-villageois-ferment-le-siege-de-lapc-doued-el-berdi\/","title":{"rendered":"Des villageois ferment le si\u00e8ge de l\u2019APC d\u2019Oued El Berdi"},"content":{"rendered":"<p>Plusieurs dizaines de citoyens du village Dghafla, relevant de la commune d\u2019Oued El Berdi, \u00e0 10 kilom\u00e8tres au sud de Bouira, ont proc\u00e9d\u00e9 hier matin \u00e0 la fermeture du si\u00e8ge de leur APC pour protester contre le retard mis dans le raccordement de leur village en gaz de ville.<br \/>D\u2019apr\u00e8s certains habitants rencontr\u00e9s sur les lieux, le projet de raccordement du village en gaz naturel remonte \u00e0 2013. Depuis, trois walis se sont succ\u00e9d\u00e9 et tous avaient promis de r\u00e9gler le probl\u00e8me mais, les villageois, chaque hiver, vivent le m\u00eame calvaire avec le froid sib\u00e9rien qui s\u00e9vit et le parcours du combattant pour se procurer les bouteilles de gaz butane. D\u2019apr\u00e8s des t\u00e9moins, m\u00eame l\u2019actuel P\/APC leur a promis la prise en charge de ce probl\u00e8me lors de sa campagne \u00e9lectorale, mais depuis son \u00e9lection en novembre 2017, rien n\u2019a \u00e9t\u00e9 fait.<br \/>Par ailleurs, lors de cette journ\u00e9e de protestation, les contestataires ont \u00e9galement soulev\u00e9 le probl\u00e8me d&rsquo;assainissement ainsi que celui de l\u2019\u00e9tat de la route qui m\u00e8ne au village.<br \/>Le P\/APC qui s\u2019exprimait sur les ondes de Radio Bouira, a reconnu la justesse des revendications soulev\u00e9es par les villageois et a tenu \u00e0 les rassurer en annon\u00e7ant le lancement de ce projet dans les jours \u00e0 venir. Selon lui, le retard est d\u00fb au gel de tous les projets durant les ann\u00e9es 2014 jusqu\u2019\u00e0 2018 \u00e0 cause de la crise \u00e9conomique qui a frapp\u00e9 le pays. De m\u00eame pour l\u2019assainissement et la r\u00e9fection de la route menant vers ce village, il a indiqu\u00e9 que cela se fera une fois le gaz naturel install\u00e9.<br \/>Des assurances r\u00e9it\u00e9r\u00e9es \u00e9galement par les services de la da\u00efra d\u2019El Hachimia \u00e0 laquelle est rattach\u00e9e administrativement la commune d\u2019Oued El Berdi. Dans un communiqu\u00e9 diffus\u00e9 dans l\u2019apr\u00e8s-midi, on apprend que la cheffe de da\u00efra s\u2019est d\u00e9plac\u00e9e dans l&rsquo;apr\u00e8s-midi vers ce village et a rencontr\u00e9 ses repr\u00e9sentants auxquels elle a donn\u00e9 des assurances et des explications concernant ce projet de raccordement du village Dghafla en gaz naturel.<br \/>\u00abCe projet d\u2019un lin\u00e9aire de 12 kilom\u00e8tres sur un total de 90 kilom\u00e8tres allou\u00e9s \u00e0 l\u2019APC d\u2019Oued El Berdi, et qui a b\u00e9n\u00e9fici\u00e9 d\u2019une enveloppe financi\u00e8re de 28 millions dinars, touchera 100 foyers et sera lanc\u00e9 dans les tout prochains jours\u00bb, lit-on entre autres dans ce communiqu\u00e9.<br \/>Des nouvelles qui sont accueillies avec beaucoup de r\u00e9serve par une population longtemps d\u00e9sabus\u00e9e par des responsables, y compris des ministres, qui viennent et qui promettent des merveilles mais qui sont souvent remises en cause aussit\u00f4t le responsable ou le ministre, parti ou relev\u00e9 de ses fonctions.<br \/>Y. Y.<\/p>\n<p>Auteur:<br \/>\n<a href=\"https:\/\/www.lesoirdalgerie.com\/regions\/des-villageois-ferment-le-siege-de-lapc-doued-el-berdi-30720\">Cliquez ici pour lire l&rsquo;article depuis sa source.<\/a><\/p>\n","protected":false},"excerpt":{"rendered":"<p>Plusieurs dizaines de citoyens du village Dghafla, relevant de la commune d\u2019Oued El Berdi, \u00e0 10 kilom\u00e8tres au sud de Bouira, ont proc\u00e9d\u00e9 hier matin \u00e0 la fermeture du si\u00e8ge de leur APC pour protester contre le retard mis dans le raccordement de leur village en gaz de ville.D\u2019apr\u00e8s certains habitants rencontr\u00e9s sur les lieux, [&hellip;]<\/p>\n","protected":false},"author":1741,"featured_media":0,"comment_status":"closed","ping_status":"closed","sticky":false,"template":"","format":"standard","meta":{"fifu_image_url":"","fifu_image_alt":"","footnotes":""},"categories":[73,53],"tags":[],"class_list":["post-62213","post","type-post","status-publish","format-standard","hentry","category-actualite","category-algerie"],"_links":{"self":[{"href":"https:\/\/linitiative.ca\/International\/wp-json\/wp\/v2\/posts\/62213","targetHints":{"allow":["GET"]}}],"collection":[{"href":"https:\/\/linitiative.ca\/International\/wp-json\/wp\/v2\/posts"}],"about":[{"href":"https:\/\/linitiative.ca\/International\/wp-json\/wp\/v2\/types\/post"}],"author":[{"embeddable":true,"href":"https:\/\/linitiative.ca\/International\/wp-json\/wp\/v2\/users\/1741"}],"replies":[{"embeddable":true,"href":"https:\/\/linitiative.ca\/International\/wp-json\/wp\/v2\/comments?post=62213"}],"version-history":[{"count":0,"href":"https:\/\/linitiative.ca\/International\/wp-json\/wp\/v2\/posts\/62213\/revisions"}],"wp:attachment":[{"href":"https:\/\/linitiative.ca\/International\/wp-json\/wp\/v2\/media?parent=62213"}],"wp:term":[{"taxonomy":"category","embeddable":true,"href":"https:\/\/linitiative.ca\/International\/wp-json\/wp\/v2\/categories?post=62213"},{"taxonomy":"post_tag","embeddable":true,"href":"https:\/\/linitiative.ca\/International\/wp-json\/wp\/v2\/tags?post=62213"}],"curies":[{"name":"wp","href":"https:\/\/api.w.org\/{rel}","templated":true}]}}