{"id":62214,"date":"2019-09-24T11:29:49","date_gmt":"2019-09-24T15:29:49","guid":{"rendered":"https:\/\/linitiative.ca\/International\/changement-climatique-le-plaidoyer-de-greta-thunberg\/"},"modified":"2019-09-24T11:29:49","modified_gmt":"2019-09-24T15:29:49","slug":"changement-climatique-le-plaidoyer-de-greta-thunberg","status":"publish","type":"post","link":"https:\/\/linitiative.ca\/International\/changement-climatique-le-plaidoyer-de-greta-thunberg\/","title":{"rendered":"Changement climatique : le plaidoyer de Greta Thunberg"},"content":{"rendered":"<p><strong>Le Sommet de New York a \u00e9t\u00e9 marqu\u00e9 par le discours engag\u00e9 de la jeune militante su\u00e9doise.<\/strong><\/p>\n<div class=\"c10\"\/>\n<p>La jeune militante su\u00e9doise Greta Thunberg a interpell\u00e9, lundi \u00e0 New York, les dirigeants de la plan\u00e8te pour leur \u00ab\u00a0manque d\u2019action\u00a0\u00bb face \u00e0 l\u2019urgence des <strong>changements climatiques<\/strong>. \u00ab\u00a0Les gens souffrent, les gens meurent. Des \u00e9cosyst\u00e8mes entiers s\u2019effondrent, nous sommes au d\u00e9but d\u2019une extinction de masse\u00a0\u00bb, a-t-elle mis en garde dans un discours passionn\u00e9 \u00e0 l\u2019occasion du <strong>Sommet Action Climat 2019<\/strong>, tenu lundi \u00e0 New York, devant plusieurs chefs d\u2019\u00c9tats et de gouvernements.<\/p>\n<div class=\"wp-block-embed__wrapper\"><iframe loading=\"lazy\" title=\"Le discours de Greta Thunberg \u00e0 l'ONU\" width=\"1140\" height=\"641\" src=\"https:\/\/www.youtube.com\/embed\/W4e5l-XUmfI?feature=oembed\" frameborder=\"0\" allow=\"accelerometer; autoplay; encrypted-media; gyroscope; picture-in-picture\" allowfullscreen=\"\">[embedded content]<\/iframe><\/div>\n<p>\u00ab\u00a0Depuis plus de quarante ans, la science est claire comme du cristal. Comment osez-vous regarder ailleurs et venir ici en pr\u00e9tendant que vous en faites assez ? Vous dites que vous nous entendez et que vous comprenez l\u2019urgence mais je ne veux pas le croire\u00a0\u00bb, a ajout\u00e9 Greta Thunberg, les larmes aux yeux. La militante \u00e9cologiste a averti que \u00ab\u00a0si vous nous laissez tomber, je vous le dis, nous ne vous le pardonnerons jamais\u00a0\u00bb.<\/p>\n<p>Vendredi, <strong>Greta Thunberg<\/strong> \u00e9tait \u00e0 la t\u00eate de la gigantesque marche pour le climat de New York (Climate Strike) marqu\u00e9e par la participation de dizaines de milliers de jeunes manifestants. \u00ab\u00a0Des millions de gens ont march\u00e9 \u00e0 travers le monde pour r\u00e9clamer une action r\u00e9elle en faveur du climat\u00a0\u00bb, s\u2019\u00e9tait r\u00e9joui la militante su\u00e9doise de 16 ans, en allusion aux centaines de manifestations et marches mondiales organis\u00e9es vendredi \u00e0 l\u2019initiative des mouvements \u00e9cologistes des jeunes. Pour rappel, le Sommet de New York entend renforcer les ambitions et acc\u00e9l\u00e9rer les actions pour atteindre les objectifs de l\u2019Accord de Paris sur le <strong>climat<\/strong>. Il s\u2019agit ainsi d\u2019\u00e9laborer des solutions ambitieuses dans six domaines, \u00e0 savoir \u00ab\u00a0la transition mondiale vers les \u00e9nergies renouvelables\u00a0\u00bb, \u00ab\u00a0Infrastructures et villes durables et r\u00e9silientes\u00a0\u00bb, \u00ab\u00a0Agriculture durable\u00a0\u00bb, \u00ab\u00a0Gestion des for\u00eats et des oc\u00e9ans\u00a0\u00bb, \u00ab\u00a0R\u00e9silience et adaptation aux impacts climatiques\u00a0\u00bb et \u00ab\u00a0Alignement des financements publics et priv\u00e9s sur une \u00e9conomie ayant z\u00e9ro \u00e9mission nette\u00a0\u00bb.<\/p>\n<div class=\"c17\">\n<fieldset class=\"c16\">\n<legend><strong><span class=\"c11\">Challenge<\/span><span class=\"c12\">news<\/span><\/strong><\/legend>\n<div class=\"c15\">Le meilleur de la r\u00e9daction s\u00e9lectionn\u00e9 par Challenge :<\/p>\n<\/div>\n<\/fieldset>\n<\/div>\n<p>Auteur: Karim Handaoui<br \/>\n<a href=\"https:\/\/www.challenge.ma\/changement-climatique-le-plaidoyer-de-greta-thunberg-118255\/\">Cliquez ici pour lire l&rsquo;article depuis sa source.<\/a><\/p>\n","protected":false},"excerpt":{"rendered":"<p>Le Sommet de New York a \u00e9t\u00e9 marqu\u00e9 par le discours engag\u00e9 de la jeune militante su\u00e9doise. La jeune militante su\u00e9doise Greta Thunberg a interpell\u00e9, lundi \u00e0 New York, les dirigeants de la plan\u00e8te pour leur \u00ab\u00a0manque d\u2019action\u00a0\u00bb face \u00e0 l\u2019urgence des changements climatiques. \u00ab\u00a0Les gens souffrent, les gens meurent. Des \u00e9cosyst\u00e8mes entiers s\u2019effondrent, nous [&hellip;]<\/p>\n","protected":false},"author":1787,"featured_media":0,"comment_status":"closed","ping_status":"closed","sticky":false,"template":"","format":"standard","meta":{"fifu_image_url":"","fifu_image_alt":"","footnotes":""},"categories":[78,54],"tags":[],"class_list":["post-62214","post","type-post","status-publish","format-standard","hentry","category-economie","category-maroc"],"_links":{"self":[{"href":"https:\/\/linitiative.ca\/International\/wp-json\/wp\/v2\/posts\/62214","targetHints":{"allow":["GET"]}}],"collection":[{"href":"https:\/\/linitiative.ca\/International\/wp-json\/wp\/v2\/posts"}],"about":[{"href":"https:\/\/linitiative.ca\/International\/wp-json\/wp\/v2\/types\/post"}],"author":[{"embeddable":true,"href":"https:\/\/linitiative.ca\/International\/wp-json\/wp\/v2\/users\/1787"}],"replies":[{"embeddable":true,"href":"https:\/\/linitiative.ca\/International\/wp-json\/wp\/v2\/comments?post=62214"}],"version-history":[{"count":0,"href":"https:\/\/linitiative.ca\/International\/wp-json\/wp\/v2\/posts\/62214\/revisions"}],"wp:attachment":[{"href":"https:\/\/linitiative.ca\/International\/wp-json\/wp\/v2\/media?parent=62214"}],"wp:term":[{"taxonomy":"category","embeddable":true,"href":"https:\/\/linitiative.ca\/International\/wp-json\/wp\/v2\/categories?post=62214"},{"taxonomy":"post_tag","embeddable":true,"href":"https:\/\/linitiative.ca\/International\/wp-json\/wp\/v2\/tags?post=62214"}],"curies":[{"name":"wp","href":"https:\/\/api.w.org\/{rel}","templated":true}]}}