{"id":62215,"date":"2019-09-24T11:38:16","date_gmt":"2019-09-24T15:38:16","guid":{"rendered":"https:\/\/linitiative.ca\/International\/trophee-tilila-2-pour-valoriser-limage-de-la-femme\/"},"modified":"2019-09-24T11:38:16","modified_gmt":"2019-09-24T15:38:16","slug":"trophee-tilila-2-pour-valoriser-limage-de-la-femme","status":"publish","type":"post","link":"https:\/\/linitiative.ca\/International\/trophee-tilila-2-pour-valoriser-limage-de-la-femme\/","title":{"rendered":"Troph\u00e9e Tilila 2 : Pour valoriser l\u2019image de la femme"},"content":{"rendered":"<p><strong>La cha\u00eene 2M, \u00e0 travers son Comit\u00e9 parit\u00e9 et diversit\u00e9, organise la deuxi\u00e8me \u00e9dition du Troph\u00e9e Tilila qui r\u00e9compensera les trois spots publicitaires les plus valorisants pour l\u2019image de la femme et rendra hommage \u00e0 une personnalit\u00e9 d\u2019envergure engag\u00e9e en faveur de l\u2019\u00e9galit\u00e9 femme-homme.<\/strong><\/p>\n<div class=\"c10\"\/>\n<p>Ce temps fort annuel a pour objectif de sensibiliser les annonceurs et les agences de communication aux valeurs de la parit\u00e9 et de l\u2019\u00e9galit\u00e9 femmes-hommes. \u00ab Avec le Troph\u00e9e Tilila, initiative qui d\u00e9coule de la Charte 2M pour la valorisation de l\u2019image de la femme, nous esp\u00e9rons que la question du genre et la lutte contre les st\u00e9r\u00e9otypes n\u00e9gatifs \u00e0 l\u2019\u00e9gard des femmes soient au c\u0153ur de la d\u00e9marche des annonceurs et celle du processus cr\u00e9atif des agences \u00bb, pr\u00e9cise Khadija Boujanoui, pr\u00e9sidente du Comit\u00e9 Parit\u00e9 et Diversit\u00e9 de 2M.<\/p>\n<p>Nouveaut\u00e9 cette ann\u00e9e, le Troph\u00e9e Tilila d\u00e9cernera trois prix aux publicit\u00e9s t\u00e9l\u00e9visuelles les plus m\u00e9ritantes. Ces derni\u00e8res seront choisies par un jury parmi les dossiers pr\u00e9s\u00e9lectionn\u00e9s \u00e0 la suite d\u2019un appel \u00e0 candidatures lanc\u00e9 du 20 mai au 20 septembre 2019. Le jury de la deuxi\u00e8me \u00e9dition est compos\u00e9 de Driss El Yazami, militant des droits de l\u2019Homme et ancien pr\u00e9sident du CNDH, Amina Lemrini, militante des droits des femmes et ancienne pr\u00e9sidente de la HACA, Leila Slimani, Journaliste et \u00e9crivaine, laur\u00e9ate du prix Goncourt, Anouar Sabri, Expert en communication et pr\u00e9sident de l\u2019association Les Imp\u00e9riales, Syrine Ch\u00e9rif, experte en communication publicitaire, ainsi que le cin\u00e9aste Hicham Lasri.<\/p>\n<p><img decoding=\"async\" src=\"https:\/\/www.challenge.ma\/wp-content\/uploads\/2019\/09\/Jury-Tilila-2--1024x684.jpg\" alt=\"\" class=\"wp-image-118244\" srcset=\"https:\/\/www.challenge.ma\/wp-content\/uploads\/2019\/09\/Jury-Tilila-2--1024x684.jpg 1024w, https:\/\/www.challenge.ma\/wp-content\/uploads\/2019\/09\/Jury-Tilila-2--300x201.jpg 300w, https:\/\/www.challenge.ma\/wp-content\/uploads\/2019\/09\/Jury-Tilila-2--768x513.jpg 768w, https:\/\/www.challenge.ma\/wp-content\/uploads\/2019\/09\/Jury-Tilila-2--360x241.jpg 360w, https:\/\/www.challenge.ma\/wp-content\/uploads\/2019\/09\/Jury-Tilila-2--750x501.jpg 750w\" sizes=\"(max-width: 1024px) 100vw, 1024px\"\/>Jury de la 2\u00e8me \u00e9dition du Troph\u00e9e Tilila<\/p>\n<p>La c\u00e9r\u00e9monie du Troph\u00e9e Tilila sera \u00e9galement l\u2019occasion de rendre hommage \u00e0 une personnalit\u00e9 d\u2019envergure ayant contribu\u00e9 \u00e0 jeter la lumi\u00e8re sur la condition f\u00e9minine et le r\u00f4le des femmes dans la soci\u00e9t\u00e9.<\/p>\n<p>Il est \u00e0 noter que lors de la premi\u00e8re \u00e9dition, organis\u00e9e le 10 octobre 2018 \u00e0 Casablanca, le Troph\u00e9e Tilila avait \u00e9t\u00e9 d\u00e9cern\u00e9 \u00e0 l\u2019entreprise Ama D\u00e9tergent pour la publicit\u00e9 de son produit Mio, r\u00e9alis\u00e9e par l\u2019agence RAPP Maroc. Le nombre de spots publicitaires candidats et le nombre de personnes pr\u00e9sentes \u00e0 la c\u00e9r\u00e9monie de remise du troph\u00e9e t\u00e9moigne de l\u2019int\u00e9r\u00eat port\u00e9 par les professionnels de la communication et les annonceurs \u00e0 la question du genre et de la parit\u00e9.<\/p>\n<p>Cette deuxi\u00e8me \u00e9dition permettra de continuer de promouvoir aupr\u00e8s de ces derniers une d\u00e9marche responsable, visant \u00e0 \u00e9viter les clich\u00e9s d\u00e9valorisants et \u00e0 projeter une image positive de la femme marocaine dans ses diff\u00e9rentes aspirations.<\/p>\n<div class=\"c17\">\n<fieldset class=\"c16\">\n<legend><strong><span class=\"c11\">Challenge<\/span><span class=\"c12\">news<\/span><\/strong><\/legend>\n<div class=\"c15\">Le meilleur de la r\u00e9daction s\u00e9lectionn\u00e9 par Challenge :<\/p>\n<\/div>\n<\/fieldset>\n<\/div>\n<p>Auteur: Hajar DARI<br \/>\n<a href=\"https:\/\/www.challenge.ma\/trophee-tilila-2-trois-prix-seront-decernes-pour-valoriser-limage-de-la-femme-118241\/\">Cliquez ici pour lire l&rsquo;article depuis sa source.<\/a><\/p>\n","protected":false},"excerpt":{"rendered":"<p>La cha\u00eene 2M, \u00e0 travers son Comit\u00e9 parit\u00e9 et diversit\u00e9, organise la deuxi\u00e8me \u00e9dition du Troph\u00e9e Tilila qui r\u00e9compensera les trois spots publicitaires les plus valorisants pour l\u2019image de la femme et rendra hommage \u00e0 une personnalit\u00e9 d\u2019envergure engag\u00e9e en faveur de l\u2019\u00e9galit\u00e9 femme-homme. Ce temps fort annuel a pour objectif de sensibiliser les annonceurs [&hellip;]<\/p>\n","protected":false},"author":1787,"featured_media":62216,"comment_status":"closed","ping_status":"closed","sticky":false,"template":"","format":"standard","meta":{"fifu_image_url":"","fifu_image_alt":"","footnotes":""},"categories":[78,54],"tags":[],"class_list":["post-62215","post","type-post","status-publish","format-standard","has-post-thumbnail","hentry","category-economie","category-maroc"],"_links":{"self":[{"href":"https:\/\/linitiative.ca\/International\/wp-json\/wp\/v2\/posts\/62215","targetHints":{"allow":["GET"]}}],"collection":[{"href":"https:\/\/linitiative.ca\/International\/wp-json\/wp\/v2\/posts"}],"about":[{"href":"https:\/\/linitiative.ca\/International\/wp-json\/wp\/v2\/types\/post"}],"author":[{"embeddable":true,"href":"https:\/\/linitiative.ca\/International\/wp-json\/wp\/v2\/users\/1787"}],"replies":[{"embeddable":true,"href":"https:\/\/linitiative.ca\/International\/wp-json\/wp\/v2\/comments?post=62215"}],"version-history":[{"count":0,"href":"https:\/\/linitiative.ca\/International\/wp-json\/wp\/v2\/posts\/62215\/revisions"}],"wp:featuredmedia":[{"embeddable":true,"href":"https:\/\/linitiative.ca\/International\/wp-json\/"}],"wp:attachment":[{"href":"https:\/\/linitiative.ca\/International\/wp-json\/wp\/v2\/media?parent=62215"}],"wp:term":[{"taxonomy":"category","embeddable":true,"href":"https:\/\/linitiative.ca\/International\/wp-json\/wp\/v2\/categories?post=62215"},{"taxonomy":"post_tag","embeddable":true,"href":"https:\/\/linitiative.ca\/International\/wp-json\/wp\/v2\/tags?post=62215"}],"curies":[{"name":"wp","href":"https:\/\/api.w.org\/{rel}","templated":true}]}}