{"id":62217,"date":"2019-09-24T12:12:04","date_gmt":"2019-09-24T16:12:04","guid":{"rendered":"https:\/\/linitiative.ca\/International\/nouvelle-station-pour-le-tramway-de-casablanca\/"},"modified":"2019-09-24T12:12:04","modified_gmt":"2019-09-24T16:12:04","slug":"nouvelle-station-pour-le-tramway-de-casablanca","status":"publish","type":"post","link":"https:\/\/linitiative.ca\/International\/nouvelle-station-pour-le-tramway-de-casablanca\/","title":{"rendered":"Nouvelle station pour le tramway de Casablanca"},"content":{"rendered":"<p><strong>A partir du lundi 30 septembre 2019, une nouvelle station sera desservie par la ligne T2 du tramway de Casablanca, portant ainsi le nombre de stations desservies \u00e0 66.<\/strong><\/p>\n<div class=\"c10\"\/>\n<p>Le tramway casablancais se dote d\u2019une nouvelle station. Les habitants des quartiers Hay Hassani, Oulfa et CIL seront les premiers b\u00e9n\u00e9ficiaires de cette ouverture qui vient \u00e9toffer davantage la densit\u00e9 du r\u00e9seau et \u00e9largir sa couverture g\u00e9ographique dans la ville blanche, souligne Ratp Dev, l\u2019entreprise en charge de l\u2019exploitation du <strong>tramway de Casablanca<\/strong>.<\/p>\n<p><iframe loading=\"lazy\" src=\"https:\/\/www.facebook.com\/plugins\/post.php?href=https%3A%2F%2Fwww.facebook.com%2Fcasatram%2Fposts%2F3132147526827941&#038;width=500\" width=\"500\" height=\"821\">[embedded content]<\/iframe><\/p>\n<p>La station baptis\u00e9e \u00ab Place Financi\u00e8re \u00bb conna\u00eetra son premier flux de passagers d\u00e8s le 30 septembre prochain. Elle est situ\u00e9e dans le quartier d\u2019Anfa sur le site de l\u2019ancien a\u00e9roport historique de la ville. Le choix de l\u2019appellation \u00ab Place Financi\u00e8re \u00bb se rapporte directement \u00e0 la tour Casa Finance City, sise \u00e0 proximit\u00e9 de la station, pr\u00e9cise Ratp Dev.<\/p>\n<p>La <strong>station Place Financi\u00e8re<\/strong> fait partie des 4 stations de la zone Casa-Anfa r\u00e9alis\u00e9es depuis le lancement de la premi\u00e8re ligne de tramway en 2012. Elle \u00e9tait jusqu\u2019\u00e0 pr\u00e9sent ferm\u00e9e en raison des nombreux chantiers qui avaient cours dans le p\u00e9rim\u00e8tre. Les trois autres stations encore ferm\u00e9es ouvriront \u00e0 leur tour leurs portes aux usagers du tramway de Casablanca dans un futur proche, indique <strong>Ratp Dev<\/strong>.<\/p>\n<div class=\"c17\">\n<fieldset class=\"c16\">\n<legend><strong><span class=\"c11\">Challenge<\/span><span class=\"c12\">news<\/span><\/strong><\/legend>\n<div class=\"c15\">Le meilleur de la r\u00e9daction s\u00e9lectionn\u00e9 par Challenge :<\/p>\n<\/div>\n<\/fieldset>\n<\/div>\n<p>Auteur: Karim Handaoui<br \/>\n<a href=\"https:\/\/www.challenge.ma\/nouvelle-station-pour-le-tramway-de-casablanca-118228\/\">Cliquez ici pour lire l&rsquo;article depuis sa source.<\/a><\/p>\n","protected":false},"excerpt":{"rendered":"<p>A partir du lundi 30 septembre 2019, une nouvelle station sera desservie par la ligne T2 du tramway de Casablanca, portant ainsi le nombre de stations desservies \u00e0 66. Le tramway casablancais se dote d\u2019une nouvelle station. Les habitants des quartiers Hay Hassani, Oulfa et CIL seront les premiers b\u00e9n\u00e9ficiaires de cette ouverture qui vient [&hellip;]<\/p>\n","protected":false},"author":1787,"featured_media":0,"comment_status":"closed","ping_status":"closed","sticky":false,"template":"","format":"standard","meta":{"fifu_image_url":"","fifu_image_alt":"","footnotes":""},"categories":[78,54],"tags":[],"class_list":["post-62217","post","type-post","status-publish","format-standard","hentry","category-economie","category-maroc"],"_links":{"self":[{"href":"https:\/\/linitiative.ca\/International\/wp-json\/wp\/v2\/posts\/62217","targetHints":{"allow":["GET"]}}],"collection":[{"href":"https:\/\/linitiative.ca\/International\/wp-json\/wp\/v2\/posts"}],"about":[{"href":"https:\/\/linitiative.ca\/International\/wp-json\/wp\/v2\/types\/post"}],"author":[{"embeddable":true,"href":"https:\/\/linitiative.ca\/International\/wp-json\/wp\/v2\/users\/1787"}],"replies":[{"embeddable":true,"href":"https:\/\/linitiative.ca\/International\/wp-json\/wp\/v2\/comments?post=62217"}],"version-history":[{"count":0,"href":"https:\/\/linitiative.ca\/International\/wp-json\/wp\/v2\/posts\/62217\/revisions"}],"wp:attachment":[{"href":"https:\/\/linitiative.ca\/International\/wp-json\/wp\/v2\/media?parent=62217"}],"wp:term":[{"taxonomy":"category","embeddable":true,"href":"https:\/\/linitiative.ca\/International\/wp-json\/wp\/v2\/categories?post=62217"},{"taxonomy":"post_tag","embeddable":true,"href":"https:\/\/linitiative.ca\/International\/wp-json\/wp\/v2\/tags?post=62217"}],"curies":[{"name":"wp","href":"https:\/\/api.w.org\/{rel}","templated":true}]}}