{"id":62224,"date":"2019-09-24T15:52:08","date_gmt":"2019-09-24T19:52:08","guid":{"rendered":"https:\/\/linitiative.ca\/International\/tunisie-le-batonnier-bouderbala-ceux-qui-ont-paralyse-lappareil-judiciaire-depuis-pres-dune-semaine-devront-assumer-leurs-responsabilites\/"},"modified":"2019-09-24T15:52:08","modified_gmt":"2019-09-24T19:52:08","slug":"tunisie-le-batonnier-bouderbala-ceux-qui-ont-paralyse-lappareil-judiciaire-depuis-pres-dune-semaine-devront-assumer-leurs-responsabilites","status":"publish","type":"post","link":"https:\/\/linitiative.ca\/International\/tunisie-le-batonnier-bouderbala-ceux-qui-ont-paralyse-lappareil-judiciaire-depuis-pres-dune-semaine-devront-assumer-leurs-responsabilites\/","title":{"rendered":"Tunisie \u2013 Le b\u00e2tonnier Bouderbala\u00a0: Ceux qui ont paralys\u00e9 l\u2019appareil judiciaire depuis pr\u00e8s d\u2019une semaine devront assumer leurs responsabilit\u00e9s"},"content":{"rendered":"<div class=\"post-cont-in left relative\">\n<div class=\"swp_social_panel swp_horizontal_panel swp_flat_fresh swp_default_full_color swp_individual_full_color swp_other_full_color scale-100 scale-\" data-min-width=\"1100\" data-float-color=\"#ffffff\" data-float=\"none\" data-float-mobile=\"none\" data-transition=\"slide\">\n<div class=\"nc_tweetContainer swp_share_button total_shares total_sharesalt\"><span class=\"swp_count\">12 <span class=\"swp_label\">Partages<\/span><\/span><\/div>\n<\/div>\n<p>Le b\u00e2tonnier Ibrahim Bouderbala a d\u00e9clar\u00e9, ce mardi que les parties responsables de la paralysie que vit l\u2019appareil judiciaire dans le pays depuis pr\u00e8s d\u2019une semaine, devront assumer leur responsabilit\u00e9.<\/p>\n<p>Pour rappel, les avocats, ainsi que les magistrats sont entr\u00e9s en gr\u00e8ve ouverte, depuis vendredi dernier apr\u00e8s que les avocats du collectif de d\u00e9fense des martyrs B\u00e9la\u00efd et Brahmi aient \u00e9t\u00e9 \u00e9vacu\u00e9s manu militari du bureau du procureur de la R\u00e9publique du tribunal de Tunis.<\/p>\n<div class=\"code-block code-block-1 c3\"><ins class=\"adsbygoogle c2\" data-ad-layout=\"in-article\" data-ad-format=\"fluid\" data-ad-client=\"ca-pub-2102118777505746\" data-ad-slot=\"7301775417\"\/> <\/div>\n<p>Bouderbala a assur\u00e9 qu\u2019il avait rejoint les avocats qui \u00e9taient \u00e0 l\u2019int\u00e9rieur du bureau du procureur et qu\u2019il les a convaincus de sortir, pour protester ailleurs. Mais avant qu\u2019ils ne commencent \u00e0\u00a0se retirer, ils ont \u00e9t\u00e9 violemment agress\u00e9s et expuls\u00e9s par les forces de l\u2019ordre.<\/p>\n<p>Bouderbala a assur\u00e9 que cette agression est une premi\u00e8re, qu\u2019elle est grave et que les organisations nationales comme l\u2019UGTT et d\u2019UTICA ont t\u00e9moign\u00e9 leur solidarit\u00e9 avec le corps des avocats.<\/p>\n<p><strong>Que se passe-t-il en Tunisie?<\/strong><br \/>Nous expliquons sur notre <a href=\"https:\/\/www.youtube.com\/channel\/UCRzypVq0B_yBad5eGrwBx0Q?sub_confirmation=1\" target=\"_blank\" rel=\"noopener noreferrer\">cha\u00eene YouTube<\/a> . <a href=\"https:\/\/www.youtube.com\/channel\/UCRzypVq0B_yBad5eGrwBx0Q?sub_confirmation=1\" target=\"_blank\" rel=\"noopener noreferrer\">Abonnez-vous!<\/a><\/p>\n<div class=\"mvp-org-wrap mvp-org-logo\" itemprop=\"publisher\" itemscope=\"\" itemtype=\"https:\/\/schema.org\/Organization\">\n<p><img decoding=\"async\" src=\"https:\/\/www.tunisienumerique.com\/wp-content\/uploads\/2017\/02\/logo_tunisie_numerique.png\"\/><\/p>\n<\/div>\n<div class=\"swp_social_panel swp_horizontal_panel swp_flat_fresh swp_default_full_color swp_individual_full_color swp_other_full_color scale-100 scale-\" data-min-width=\"1100\" data-float-color=\"#ffffff\" data-float=\"none\" data-float-mobile=\"none\" data-transition=\"slide\">\n<div class=\"nc_tweetContainer swp_share_button total_shares total_sharesalt\"><span class=\"swp_count\">12 <span class=\"swp_label\">Partages<\/span><\/span><\/div>\n<\/div>\n<\/div>\n<p>Auteur: LM<br \/>\n<a href=\"https:\/\/www.tunisienumerique.com\/tunisie-le-batonnier-bouderbala-ceux-qui-ont-paralyse-lappareil-judiciaire-depuis-pres-dune-semaine-devront-assumer-leurs-responsabilites\/\">Cliquez ici pour lire l&rsquo;article depuis sa source.<\/a><\/p>\n","protected":false},"excerpt":{"rendered":"<p>12 Partages Le b\u00e2tonnier Ibrahim Bouderbala a d\u00e9clar\u00e9, ce mardi que les parties responsables de la paralysie que vit l\u2019appareil judiciaire dans le pays depuis pr\u00e8s d\u2019une semaine, devront assumer leur responsabilit\u00e9. Pour rappel, les avocats, ainsi que les magistrats sont entr\u00e9s en gr\u00e8ve ouverte, depuis vendredi dernier apr\u00e8s que les avocats du collectif de [&hellip;]<\/p>\n","protected":false},"author":1789,"featured_media":62225,"comment_status":"closed","ping_status":"closed","sticky":false,"template":"","format":"standard","meta":{"fifu_image_url":"","fifu_image_alt":"","footnotes":""},"categories":[73,55],"tags":[],"class_list":["post-62224","post","type-post","status-publish","format-standard","has-post-thumbnail","hentry","category-actualite","category-tunisie"],"_links":{"self":[{"href":"https:\/\/linitiative.ca\/International\/wp-json\/wp\/v2\/posts\/62224","targetHints":{"allow":["GET"]}}],"collection":[{"href":"https:\/\/linitiative.ca\/International\/wp-json\/wp\/v2\/posts"}],"about":[{"href":"https:\/\/linitiative.ca\/International\/wp-json\/wp\/v2\/types\/post"}],"author":[{"embeddable":true,"href":"https:\/\/linitiative.ca\/International\/wp-json\/wp\/v2\/users\/1789"}],"replies":[{"embeddable":true,"href":"https:\/\/linitiative.ca\/International\/wp-json\/wp\/v2\/comments?post=62224"}],"version-history":[{"count":0,"href":"https:\/\/linitiative.ca\/International\/wp-json\/wp\/v2\/posts\/62224\/revisions"}],"wp:featuredmedia":[{"embeddable":true,"href":"https:\/\/linitiative.ca\/International\/wp-json\/"}],"wp:attachment":[{"href":"https:\/\/linitiative.ca\/International\/wp-json\/wp\/v2\/media?parent=62224"}],"wp:term":[{"taxonomy":"category","embeddable":true,"href":"https:\/\/linitiative.ca\/International\/wp-json\/wp\/v2\/categories?post=62224"},{"taxonomy":"post_tag","embeddable":true,"href":"https:\/\/linitiative.ca\/International\/wp-json\/wp\/v2\/tags?post=62224"}],"curies":[{"name":"wp","href":"https:\/\/api.w.org\/{rel}","templated":true}]}}