{"id":62230,"date":"2019-09-24T07:04:16","date_gmt":"2019-09-24T11:04:16","guid":{"rendered":"https:\/\/linitiative.ca\/International\/financement-de-la-lutte-contre-le-terrorisme-la-banque-mondiale-aux-cotes-du-burkina\/"},"modified":"2019-09-24T07:04:16","modified_gmt":"2019-09-24T11:04:16","slug":"financement-de-la-lutte-contre-le-terrorisme-la-banque-mondiale-aux-cotes-du-burkina","status":"publish","type":"post","link":"https:\/\/linitiative.ca\/International\/financement-de-la-lutte-contre-le-terrorisme-la-banque-mondiale-aux-cotes-du-burkina\/","title":{"rendered":"Financement de la lutte contre le terrorisme: la Banque mondiale aux c\u00f4t\u00e9s du Burkina"},"content":{"rendered":"<div class=\"td-post-featured-image\"><a href=\"https:\/\/i2.wp.com\/www.sidwaya.info\/wp-content\/uploads\/2019\/09\/2-2.jpg?fit=886%2C669&#038;ssl=1\" data-caption=\"\"><img loading=\"lazy\" decoding=\"async\" width=\"696\" height=\"526\" class=\"entry-thumb td-modal-image\" src=\"https:\/\/i2.wp.com\/www.sidwaya.info\/wp-content\/uploads\/2019\/09\/2-2.jpg?resize=696%2C526&#038;ssl=1\" srcset=\"https:\/\/i2.wp.com\/www.sidwaya.info\/wp-content\/uploads\/2019\/09\/2-2.jpg?w=886&#038;ssl=1 886w, https:\/\/i2.wp.com\/www.sidwaya.info\/wp-content\/uploads\/2019\/09\/2-2.jpg?resize=300%2C227&#038;ssl=1 300w, https:\/\/i2.wp.com\/www.sidwaya.info\/wp-content\/uploads\/2019\/09\/2-2.jpg?resize=768%2C580&#038;ssl=1 768w, https:\/\/i2.wp.com\/www.sidwaya.info\/wp-content\/uploads\/2019\/09\/2-2.jpg?resize=80%2C60&#038;ssl=1 80w, https:\/\/i2.wp.com\/www.sidwaya.info\/wp-content\/uploads\/2019\/09\/2-2.jpg?resize=696%2C526&#038;ssl=1 696w, https:\/\/i2.wp.com\/www.sidwaya.info\/wp-content\/uploads\/2019\/09\/2-2.jpg?resize=556%2C420&#038;ssl=1 556w\" sizes=\"auto, (max-width: 696px) 100vw, 696px\" alt=\"\" title=\"2\"\/><\/a><\/div>\n<p><strong>Le pr\u00e9sident du Faso, Roch Marc Christian Kabor\u00e9, a re\u00e7u en audience, le lundi 23 septembre 2019 \u00e0 New York, le vice-pr\u00e9sident de la Banque mondiale pour les infrastructures, Makhtar Diop et le Secr\u00e9taire d\u2019Etat adjoint am\u00e9ricain aux Affaires africaines, Tibor Nagy.\u00a0\u00a0<\/strong><\/p>\n<p>La Banque mondiale compte acc\u00e9l\u00e9rer ses programmes en cours d\u2019ex\u00e9cution au Burkina Faso. C\u2019est du moins ce qu\u2019a confi\u00e9 son vice-pr\u00e9sident pour les infrastructures, Makhtar Diop, \u00e0 sa sortie d\u2019audience avec le pr\u00e9sident du Faso, Roch Marc Christian Kabor\u00e9, le lundi 23 septembre 2019 \u00e0 New York, en marge de la 74<sup>e<\/sup> Assembl\u00e9e g\u00e9n\u00e9rale de l\u2019ONU. M. Diop dit avoir fait avec le chef de l\u2019Etat burkinab\u00e8, le point du portefeuille de la Banque mondiale au Burkina Faso dans les secteurs des infrastructures. \u00ab\u00a0<em>Les infrastructures constituent un \u00e9l\u00e9ment essentiel de la Banque mondiale. Pr\u00e8s de 30% des ressources qu\u2019elle met \u00e0 la disposition du Burkina Faso sont dans les domaines de l\u2019\u00e9nergie, du transport, du digital et du financement des infrastructures<\/em>\u00a0\u00bb, a-t-il soutenu. C\u2019\u00e9tait une occasion, a-t-il poursuivi, de confirmer l\u2019engagement de la Banque mondiale et de discuter de l\u2019acc\u00e9l\u00e9ration de la mise en \u0153uvre des programmes actuellement en cours d\u2019ex\u00e9cution.<\/p>\n<p>Les d\u00e9fis du pays des Hommes int\u00e8gres ont \u00e9volu\u00e9 avec la donne s\u00e9curitaire et le vice-pr\u00e9sident \u00e0 exprimer le soutien de son institution \u00a0au pr\u00e9sident du Faso en sa qualit\u00e9 du pr\u00e9sident en exercice du G5 Sahel. \u00ab\u00a0<em>L\u2019une des dimensions de la lutte contre le terrorisme et les tentatives de d\u00e9stabilisation des pays de la sous-r\u00e9gion, c\u2019est de cr\u00e9er les conditions de d\u00e9veloppement \u00e9conomique dans les zones recul\u00e9es. Un \u00e9l\u00e9ment important du d\u00e9veloppement \u00e9conomique dans la bande sah\u00e9lienne reste l\u2019\u00e9lectricit\u00e9 et le transport, afin de connecter les populations de ces contr\u00e9es, aux centres de production et aux villes<\/em>\u00a0\u00bb, a-t-il not\u00e9. Le programme de la Banque au Burkina Faso, a-t-il ajout\u00e9, vise ainsi \u00e0 acc\u00e9l\u00e9rer l\u2019acc\u00e8s \u00e0 l\u2019\u00e9lectricit\u00e9 par les populations rurales, mais \u00e9galement de d\u00e9velopper les pistes et routes rurales. \u00ab\u00a0<em>Nous renfor\u00e7ons donc les volets de d\u00e9veloppement \u00e9conomique et nous appuyons les pays \u00e0 collecter des ressources au niveau fiscal pour pouvoir investir dans la s\u00e9curit\u00e9 et nous savons qu\u2019il y a d\u2019autres partenaires plus sp\u00e9cialis\u00e9s que la Banque mondiale dans le domaine qui appuient le Burkina Faso<\/em>\u00a0\u00bb, a-t-il relev\u00e9.<\/p>\n<p>Dans le cadre du financement du Programme d\u2019investissements prioritaire\u00a0du G5 Sahel, Makhtar Diop a soutenu qu\u2019une mission de la Banque mondiale doit se rendre \u00ab\u00a0<em>tr\u00e8s bient\u00f4t<\/em>\u00a0\u00bb \u00e0 Ouagadougou en vue d\u2019un programme r\u00e9gional sur le num\u00e9rique qui constitue une priorit\u00e9, parce qu\u2019il permet aux jeunes de s\u2019ins\u00e9rer \u00ab\u00a0<em>facilement<\/em>\u00a0\u00bb dans le monde du travail et d\u2019offrir des services de sant\u00e9 et d\u2019\u00e9ducation aux populations les plus recul\u00e9es. \u00ab\u00a0<em>C\u2019est donc une priorit\u00e9 importante du G5 Sahel et nous allons travailler dans ce domaine<\/em>\u00a0\u00bb, a-t-il promis. Le second volet de l\u2019accompagnement du G5 Sahel consiste en l\u2019interconnexion au niveau de l\u2019\u00e9lectricit\u00e9 des pays du G5 Sahel. La Banque mondiale, \u00e0 entendre son vice-pr\u00e9sident, a eu au cours de la derni\u00e8re d\u00e9cennie, un \u00ab\u00a0<em>large programme<\/em>\u00a0\u00bb d\u2019interconnexion et de financement de la transmission de l\u2019\u00e9lectricit\u00e9 entre pays. \u00ab\u00a0<em>Nous continuons \u00e0 renforcer ces programmes. Nous voulons mettre en place un m\u00e9canisme de garantie des \u00e9changes commerciaux li\u00e9s \u00e0 l\u2019\u00e9nergie entre les pays du G5 Sahel et de mani\u00e8re plus g\u00e9n\u00e9rale, de la CEDEAO<\/em>\u00a0\u00bb, a-t-il conclu.<\/p>\n<p>A sa suite, c\u2019est le Secr\u00e9taire d\u2019Etat adjoint am\u00e9ricain aux Affaires africaines Tibor, Nagy, qui s\u2019est entretenu avec le pr\u00e9sident du Faso. Cet ancien ambassadeur des Etats-Unis en Guin\u00e9e et en Ethiopie dit avoir \u00a0principalement remerci\u00e9 le pr\u00e9sident du Faso de la \u00ab\u00a0<em>forte relation<\/em>\u00a0\u00bb entre les deux pays, en faveur du d\u00e9veloppement et de la d\u00e9mocratie. A l\u2019entendre, la situation s\u00e9curitaire que vit le pays des Hommes int\u00e8gres touche toute la r\u00e9gion du Sahel. \u00ab\u00a0<em>Nous devons donc travailler avec tous les pays en m\u00eame temps. Il ne s\u2019agit pas seulement de coop\u00e9ration s\u00e9curitaire, mais une question qui rel\u00e8ve du d\u00e9veloppement, de l\u2019\u00e9conomie, de la pr\u00e9sence du gouvernement et des services publics<\/em>\u00a0\u00bb, a-t-il dit. Chaque pays, a-t-il poursuivi, doit faire preuve de dynamisme et Tibor Nagy pense que gr\u00e2ce aux efforts des Etats comme le Burkina Faso, la lutte pourra aboutir. \u00ab\u00a0<em>Nous voulons tous la m\u00eame chose\u00a0: une r\u00e9gion en paix, stable et prosp\u00e8re avec des d\u00e9bouch\u00e9s \u00e9conomiques particuli\u00e8rement pour la jeunesse<\/em>\u00a0\u00bb, a-t-il fait savoir.<\/p>\n<p class=\"c1\"><strong>Jean-Marie TOE<\/strong><\/p>\n<p class=\"c1\"><strong>Depuis New York<\/strong><\/p>\n<div class=\"td-a-rec td-a-rec-id-content_bottom td_uid_30_5d8a8e26a0cae_rand td_block_template_1\"><img loading=\"lazy\" decoding=\"async\" class=\"aligncenter size-full wp-image-9623\" src=\"https:\/\/www.sidwaya.info\/wp-content\/uploads\/2019\/06\/Projet-bannie%CC%80re-Orange-mobile.jpg\" alt=\"\" width=\"728\" height=\"81\"\/><\/div>\n<p>Auteur: BS. Sidwaya<br \/>\n<a href=\"https:\/\/www.sidwaya.info\/blog\/2019\/09\/24\/financement-de-la-lutte-contre-le-terrorisme-la-banque-mondiale-aux-cotes-du-burkina\/\">Cliquez ici pour lire l&rsquo;article depuis sa source.<\/a><\/p>\n","protected":false},"excerpt":{"rendered":"<p>Le pr\u00e9sident du Faso, Roch Marc Christian Kabor\u00e9, a re\u00e7u en audience, le lundi 23 septembre 2019 \u00e0 New York, le vice-pr\u00e9sident de la Banque mondiale pour les infrastructures, Makhtar Diop et le Secr\u00e9taire d\u2019Etat adjoint am\u00e9ricain aux Affaires africaines, Tibor Nagy.\u00a0\u00a0 La Banque mondiale compte acc\u00e9l\u00e9rer ses programmes en cours d\u2019ex\u00e9cution au Burkina Faso. [&hellip;]<\/p>\n","protected":false},"author":1816,"featured_media":0,"comment_status":"closed","ping_status":"closed","sticky":false,"template":"","format":"standard","meta":{"fifu_image_url":"","fifu_image_alt":"","footnotes":""},"categories":[73,81],"tags":[],"class_list":["post-62230","post","type-post","status-publish","format-standard","hentry","category-actualite","category-burkina-faso"],"_links":{"self":[{"href":"https:\/\/linitiative.ca\/International\/wp-json\/wp\/v2\/posts\/62230","targetHints":{"allow":["GET"]}}],"collection":[{"href":"https:\/\/linitiative.ca\/International\/wp-json\/wp\/v2\/posts"}],"about":[{"href":"https:\/\/linitiative.ca\/International\/wp-json\/wp\/v2\/types\/post"}],"author":[{"embeddable":true,"href":"https:\/\/linitiative.ca\/International\/wp-json\/wp\/v2\/users\/1816"}],"replies":[{"embeddable":true,"href":"https:\/\/linitiative.ca\/International\/wp-json\/wp\/v2\/comments?post=62230"}],"version-history":[{"count":0,"href":"https:\/\/linitiative.ca\/International\/wp-json\/wp\/v2\/posts\/62230\/revisions"}],"wp:attachment":[{"href":"https:\/\/linitiative.ca\/International\/wp-json\/wp\/v2\/media?parent=62230"}],"wp:term":[{"taxonomy":"category","embeddable":true,"href":"https:\/\/linitiative.ca\/International\/wp-json\/wp\/v2\/categories?post=62230"},{"taxonomy":"post_tag","embeddable":true,"href":"https:\/\/linitiative.ca\/International\/wp-json\/wp\/v2\/tags?post=62230"}],"curies":[{"name":"wp","href":"https:\/\/api.w.org\/{rel}","templated":true}]}}