{"id":62232,"date":"2019-09-24T16:18:04","date_gmt":"2019-09-24T20:18:04","guid":{"rendered":"https:\/\/linitiative.ca\/International\/roi-mohammed-vi-la-lutte-contre-le-changement-climatique-exige-une-solidarite-internationale-efficace\/"},"modified":"2019-09-24T16:18:04","modified_gmt":"2019-09-24T20:18:04","slug":"roi-mohammed-vi-la-lutte-contre-le-changement-climatique-exige-une-solidarite-internationale-efficace","status":"publish","type":"post","link":"https:\/\/linitiative.ca\/International\/roi-mohammed-vi-la-lutte-contre-le-changement-climatique-exige-une-solidarite-internationale-efficace\/","title":{"rendered":"Roi Mohammed VI : La lutte contre le changement climatique exige une solidarit\u00e9 internationale efficace"},"content":{"rendered":"<div readability=\"32\">\n<p>Publi\u00e9 le 24.09.2019 \u00e0 21h18 par APA News<\/p>\n<\/div>\n<div readability=\"88\">\n<p>Le Roi Mohammed VI a insist\u00e9 sur le fait que l\u2019ambition de lutter contre le changement climatique \u00ab exige une solidarit\u00e9 internationale efficace, un financement durable et un transfert qualitatif de technologie et de savoir-faire \u00bb, appelant la communaut\u00e9 internationale \u00e0 unir ses efforts pour relever le d\u00e9fi de la d\u00e9gradation de l\u2019environnement.\u00ab La d\u00e9gradation de notre environnement est maintenant une r\u00e9alit\u00e9 tangible. C\u2019est une menace \u00e0 laquelle nous devons faire face ensemble \u00bb, a soulign\u00e9 le Roi Mohammed VI dans un message adress\u00e9 au Sommet d\u2019action pour le climat, qui s\u2019est ouvert lundi au si\u00e8ge des Nations Unies \u00e0 New York.<\/p>\n<p>Dans le message lu avant le sommet par la princesse Lalla Hasnaa, pr\u00e9sidente de la Fondation Mohammed VI pour la protection de l\u2019environnement, le Roi a mis l\u2019accent sur les efforts d\u00e9ploy\u00e9s par le Maroc pour r\u00e9duire les \u00e9missions de gaz \u00e0 effet de serre, rappelant qu\u2019un processus global et inclusif a \u00e9galement \u00e9t\u00e9 lanc\u00e9 pour r\u00e9duire les \u00e9missions au-del\u00e0 de ce chiffre.<\/p>\n<p>En novembre dernier, il a indiqu\u00e9 que le Maroc avait d\u00e9cid\u00e9 de poursuivre l\u2019acc\u00e9l\u00e9ration de sa transition \u00e9nerg\u00e9tique en se fixant l\u2019objectif ambitieux d\u2019assurer 52 % de sa production d\u2019\u00e9lectricit\u00e9 \u00e0 partir de sources renouvelables d\u2019ici 2030.<\/p>\n<p>Dans son message, le Souverain a \u00e9voqu\u00e9 la situation climatique en Afrique, soulignant que \u00ab le continent, qui souffre de l\u2019impact du changement climatique, doit \u00eatre une priorit\u00e9 dans notre action collective \u00bb.<\/p>\n<p>Il a rappel\u00e9 \u00e0 cet \u00e9gard que le premier Sommet d\u2019action pour l\u2019Afrique, tenu \u00e0 Marrakech, a d\u00e9clench\u00e9 une dynamique sans pr\u00e9c\u00e9dent, notamment par la mise en place op\u00e9rationnelle de deux commissions climatiques africaines, pour le bassin du Congo et pour la r\u00e9gion du Sahel. Le Maroc a \u00e9galement lanc\u00e9, avec d\u2019autres pays africains fr\u00e8res, l\u2019Initiative pour l\u2019adaptation de l\u2019agriculture africaine.<\/p>\n<p>L\u2019initiative, lanc\u00e9e en marge de la COP22 tenue \u00e0 Marrakech, vise \u00e0 r\u00e9tablir l\u2019\u00e9quilibre des \u00e9cosyst\u00e8mes africains et \u00e0 permettre aux pays du continent d\u2019avoir acc\u00e8s aux financements climatiques. Elle se concentre aussi sur le renforcement des capacit\u00e9s de financement des agriculteurs africains, via la g\u00e9n\u00e9ralisation du microcr\u00e9dit aux petits agriculteurs, le d\u00e9veloppement du m\u00e9socr\u00e9dit aux moyennes exploitations et le d\u00e9ploiement de solutions bancaires mobiles.<\/p>\n<p>Le Maroc a \u00e9galement cr\u00e9\u00e9, conjointement avec l\u2019\u00c9thiopie, une \u00ab Coalition pour l\u2019acc\u00e8s durable \u00e0 l\u2019\u00e9nergie \u00bb au profit des pays les moins avanc\u00e9s, en particulier en Afrique, a-t-il rappel\u00e9.<\/p>\n<\/div>\n<p>Auteur: APA News<br \/>\n<a href=\"https:\/\/www.journalducameroun.com\/roi-mohammed-vi-la-lutte-contre-le-changement-climatique-exige-une-solidarite-internationale-efficace\/\">Cliquez ici pour lire l&rsquo;article depuis sa source.<\/a><\/p>\n","protected":false},"excerpt":{"rendered":"<p>Publi\u00e9 le 24.09.2019 \u00e0 21h18 par APA News Le Roi Mohammed VI a insist\u00e9 sur le fait que l\u2019ambition de lutter contre le changement climatique \u00ab exige une solidarit\u00e9 internationale efficace, un financement durable et un transfert qualitatif de technologie et de savoir-faire \u00bb, appelant la communaut\u00e9 internationale \u00e0 unir ses efforts pour relever le [&hellip;]<\/p>\n","protected":false},"author":1965,"featured_media":0,"comment_status":"closed","ping_status":"closed","sticky":false,"template":"","format":"standard","meta":{"fifu_image_url":"","fifu_image_alt":"","footnotes":""},"categories":[73,82],"tags":[],"class_list":["post-62232","post","type-post","status-publish","format-standard","hentry","category-actualite","category-cameroun"],"_links":{"self":[{"href":"https:\/\/linitiative.ca\/International\/wp-json\/wp\/v2\/posts\/62232","targetHints":{"allow":["GET"]}}],"collection":[{"href":"https:\/\/linitiative.ca\/International\/wp-json\/wp\/v2\/posts"}],"about":[{"href":"https:\/\/linitiative.ca\/International\/wp-json\/wp\/v2\/types\/post"}],"author":[{"embeddable":true,"href":"https:\/\/linitiative.ca\/International\/wp-json\/wp\/v2\/users\/1965"}],"replies":[{"embeddable":true,"href":"https:\/\/linitiative.ca\/International\/wp-json\/wp\/v2\/comments?post=62232"}],"version-history":[{"count":0,"href":"https:\/\/linitiative.ca\/International\/wp-json\/wp\/v2\/posts\/62232\/revisions"}],"wp:attachment":[{"href":"https:\/\/linitiative.ca\/International\/wp-json\/wp\/v2\/media?parent=62232"}],"wp:term":[{"taxonomy":"category","embeddable":true,"href":"https:\/\/linitiative.ca\/International\/wp-json\/wp\/v2\/categories?post=62232"},{"taxonomy":"post_tag","embeddable":true,"href":"https:\/\/linitiative.ca\/International\/wp-json\/wp\/v2\/tags?post=62232"}],"curies":[{"name":"wp","href":"https:\/\/api.w.org\/{rel}","templated":true}]}}