{"id":62233,"date":"2019-09-24T16:18:09","date_gmt":"2019-09-24T20:18:09","guid":{"rendered":"https:\/\/linitiative.ca\/International\/syrie-la-ligue-arabe-se-felicite-de-lannonce-par-lonu-de-la-formation-dun-comite-constitutionnel\/"},"modified":"2019-09-24T16:18:09","modified_gmt":"2019-09-24T20:18:09","slug":"syrie-la-ligue-arabe-se-felicite-de-lannonce-par-lonu-de-la-formation-dun-comite-constitutionnel","status":"publish","type":"post","link":"https:\/\/linitiative.ca\/International\/syrie-la-ligue-arabe-se-felicite-de-lannonce-par-lonu-de-la-formation-dun-comite-constitutionnel\/","title":{"rendered":"Syrie : La Ligue arabe se f\u00e9licite de l\u2019annonce par l\u2019ONU de la formation d\u2019un Comit\u00e9 constitutionnel"},"content":{"rendered":"<div readability=\"32\">\n<p>Publi\u00e9 le 24.09.2019 \u00e0 21h18 par APA News<\/p>\n<\/div>\n<div readability=\"60\">\n<p>La Ligue des \u00c9tats arabes s\u2019est f\u00e9licit\u00e9e de l\u2019annonce faite le 23 septembre par le Secr\u00e9taire g\u00e9n\u00e9ral de l\u2019Organisation des Nations Unies sur l\u2019accord entre le gouvernement syrien et l\u2019organe de n\u00e9gociation syrien pour former un comit\u00e9 constitutionnel, ce qui facilitera l\u2019action de l\u2019ONU \u00e0 Gen\u00e8ve sur la base de la r\u00e9solution 2254 du Conseil de s\u00e9curit\u00e9.Par Mohamed Fayed<\/p>\n<p>Selon une source officielle de la Ligue, le Secr\u00e9taire g\u00e9n\u00e9ral, Ahmed Aboul Gheit, a exprim\u00e9 l\u2019espoir que cet accord constituerait un pas en avant vers la recherche d\u2019une solution politique globale r\u00e9pondant aux aspirations du peuple syrien, mettant fin \u00e0 une p\u00e9riode de conflit intense et ouvrant une nouvelle page vers la construction d\u2019un avenir s\u00fbr et stable pour tous les Syriens.<\/p>\n<p>Et de rappeler que le conseil minist\u00e9riel de la Ligue arabe, a, dans sa r\u00e9solution du 10 septembre courant sur l\u2019\u00e9volution de la situation en Syrie, a confirm\u00e9 le soutien des efforts d\u00e9ploy\u00e9s par l\u2019envoy\u00e9 sp\u00e9cial du Secr\u00e9taire g\u00e9n\u00e9ral en Syrie pour reprendre le processus politique, et son appel \u00e0 achever la formation du comit\u00e9 constitutionnel.<\/p>\n<p>Il a \u00e9galement exhort\u00e9 \u00e0 tenir les r\u00e9unions du comit\u00e9 constitutionnel sous les auspices et la supervision des Nations Unies d\u00e8s que possible, et la d\u00e9termination de la Ligue arabe \u00e0 contribuer aux efforts de l\u2019ONU pour faire r\u00e9ussir les n\u00e9gociations syriennes afin de mettre un terme au conflit et d\u2019instaurer la paix et la stabilit\u00e9 dans le pays.<\/p>\n<\/div>\n<p>Auteur: APA News<br \/>\n<a href=\"https:\/\/www.journalducameroun.com\/syrie-la-ligue-arabe-se-felicite-de-lannonce-par-lonu-de-la-formation-dun-comite-constitutionnel\/\">Cliquez ici pour lire l&rsquo;article depuis sa source.<\/a><\/p>\n","protected":false},"excerpt":{"rendered":"<p>Publi\u00e9 le 24.09.2019 \u00e0 21h18 par APA News La Ligue des \u00c9tats arabes s\u2019est f\u00e9licit\u00e9e de l\u2019annonce faite le 23 septembre par le Secr\u00e9taire g\u00e9n\u00e9ral de l\u2019Organisation des Nations Unies sur l\u2019accord entre le gouvernement syrien et l\u2019organe de n\u00e9gociation syrien pour former un comit\u00e9 constitutionnel, ce qui facilitera l\u2019action de l\u2019ONU \u00e0 Gen\u00e8ve sur [&hellip;]<\/p>\n","protected":false},"author":1965,"featured_media":0,"comment_status":"closed","ping_status":"closed","sticky":false,"template":"","format":"standard","meta":{"fifu_image_url":"","fifu_image_alt":"","footnotes":""},"categories":[73,82],"tags":[],"class_list":["post-62233","post","type-post","status-publish","format-standard","hentry","category-actualite","category-cameroun"],"_links":{"self":[{"href":"https:\/\/linitiative.ca\/International\/wp-json\/wp\/v2\/posts\/62233","targetHints":{"allow":["GET"]}}],"collection":[{"href":"https:\/\/linitiative.ca\/International\/wp-json\/wp\/v2\/posts"}],"about":[{"href":"https:\/\/linitiative.ca\/International\/wp-json\/wp\/v2\/types\/post"}],"author":[{"embeddable":true,"href":"https:\/\/linitiative.ca\/International\/wp-json\/wp\/v2\/users\/1965"}],"replies":[{"embeddable":true,"href":"https:\/\/linitiative.ca\/International\/wp-json\/wp\/v2\/comments?post=62233"}],"version-history":[{"count":0,"href":"https:\/\/linitiative.ca\/International\/wp-json\/wp\/v2\/posts\/62233\/revisions"}],"wp:attachment":[{"href":"https:\/\/linitiative.ca\/International\/wp-json\/wp\/v2\/media?parent=62233"}],"wp:term":[{"taxonomy":"category","embeddable":true,"href":"https:\/\/linitiative.ca\/International\/wp-json\/wp\/v2\/categories?post=62233"},{"taxonomy":"post_tag","embeddable":true,"href":"https:\/\/linitiative.ca\/International\/wp-json\/wp\/v2\/tags?post=62233"}],"curies":[{"name":"wp","href":"https:\/\/api.w.org\/{rel}","templated":true}]}}