{"id":62234,"date":"2019-09-24T16:50:03","date_gmt":"2019-09-24T20:50:03","guid":{"rendered":"https:\/\/linitiative.ca\/International\/le-comment-osez-vous-de-greta-thunberg-grand-moment-du-mouvement-climatique\/"},"modified":"2019-09-24T16:50:03","modified_gmt":"2019-09-24T20:50:03","slug":"le-comment-osez-vous-de-greta-thunberg-grand-moment-du-mouvement-climatique","status":"publish","type":"post","link":"https:\/\/linitiative.ca\/International\/le-comment-osez-vous-de-greta-thunberg-grand-moment-du-mouvement-climatique\/","title":{"rendered":"Le \u00ab\u00a0Comment osez-vous?\u00a0\u00bb de Greta Thunberg, grand moment du mouvement climatique"},"content":{"rendered":"<p>Avec ses \u00ab\u00a0Comment osez-vous?\u00a0\u00bb imp\u00e9rieux adress\u00e9s aux dirigeants mondiaux \u00e0 l\u2019ONU lundi, la jeune Su\u00e9doise Greta Thunberg a confirm\u00e9 sa place de porte-parole de toute une g\u00e9n\u00e9ration sur le climat, fruit d\u2019un an de son propre acharnement, mart\u00e8lent ceux qui la connaissent.<\/p>\n<p>S\u2019il n\u2019a pas vraiment fait bouger les leaders qui se sont exprim\u00e9s apr\u00e8s elle, son discours de quatre minutes et demie est devenu imm\u00e9diatement viral, suscitant des dizaines de milliers de partages et de commentaires sur les r\u00e9seaux sociaux.<\/p>\n<p>Le statut dominant de Greta Thunberg dans le mouvement climatique n\u2019est pas si difficile \u00e0 expliquer, disent ceux qui ont c\u00f4toy\u00e9 la lyc\u00e9enne de 16 ans, en ann\u00e9e sabbatique.<\/p>\n<p>\u00ab\u00a0Elle a fait quelque chose d\u2019inhabituel, une gr\u00e8ve de l\u2019\u00e9cole, alors que l\u2019\u00e9cole c\u2019est vraiment important pour les enfants\u00a0\u00bb, dit \u00e0 l\u2019AFP Jennifer Morgan, directrice ex\u00e9cutive de Greenpeace International. Cette gr\u00e8ve, elle l\u2019a lanc\u00e9e \u00e0 Stockholm avec sa pancarte en ao\u00fbt 2018.<\/p>\n<p>La simplicit\u00e9 de l\u2019action a vite fascin\u00e9 en dehors de Su\u00e8de, et un an apr\u00e8s, ces gr\u00e8ves, r\u00e9guli\u00e8res ou occasionnelles, ont gagn\u00e9 des dizaines de pays, propag\u00e9es par les r\u00e9seaux sociaux.<\/p>\n<p>\u00ab\u00a0Sa parole est tr\u00e8s claire, et elle a prononc\u00e9 des mots au sommet qui sont ressentis par \u00e9norm\u00e9ment de gens\u00a0\u00bb, juge aussi Jennifer Morgan.<\/p>\n<p>\u00ab\u00a0Elle parle avec tant de passion qu\u2019on est oblig\u00e9s d\u2019\u00e9couter\u00a0\u00bb, dit \u00e0 l\u2019AFP la directrice ex\u00e9cutive d\u2019Oxfam International, Winnie Byanyima.<\/p>\n<p>Cette forme d\u2019expression \u2013toujours br\u00e8ve, percutante, et illustr\u00e9e de quelques donn\u00e9es scientifiques bien choisies\u2013 contraste avec les discours d\u2019autres jeunes, comme on a pu le voir le week-end dernier \u00e0 un sommet de jeunes. Certains s\u2019expriment d\u00e9j\u00e0 comme leurs a\u00een\u00e9s, r\u00e9citant de longs textes sans vrai sens de la formule.<\/p>\n<p>La singularit\u00e9 de son expression, tant\u00f4t r\u00e9serv\u00e9e, tant\u00f4t brute, est influenc\u00e9e par son syndrome d\u2019Asperger, une forme l\u00e9g\u00e8re d\u2019autisme, dont elle dit qu\u2019elle l\u2019a rendue \u00ab\u00a0tr\u00e8s directe\u00a0\u00bb.<\/p>\n<p>\u00ab\u00a0Tout le mouvement qu\u2019elle a inspir\u00e9, ainsi que son discours d\u2019hier, jouent un r\u00f4le tr\u00e8s important pour faire \u00e9voluer l\u2019air du temps\u00a0\u00bb, dit \u00e0 l\u2019AFP Bill McKibben, fondateur de l\u2019organisation 350.org, active dans le mouvement des gr\u00e8ves.<\/p>\n<p>\u00ab\u00a0Notre id\u00e9e de ce qui est normal et attendu est en train de changer de plus en plus vite gr\u00e2ce au travail de Greta\u00a0\u00bb, ajoute l\u2019\u00e9cologiste, qui l\u2019a vue \u00e0 Washington et New York.<\/p>\n<p>\u2013 La voix de la science \u2013<\/p>\n<p>Comme la jeune Afghane Malala Yousafzai pour l\u2019\u00e9ducation des filles ou l\u2019ancien lyc\u00e9en am\u00e9ricain David Hogg pour les armes, Greta Thunberg a \u00e9t\u00e9 accus\u00e9e d\u2019\u00eatre une enfant manipul\u00e9e.<\/p>\n<p>Elle-m\u00eame a r\u00e9pondu qu\u2019elle n\u2019\u00e9tait pas une marionnette: \u00ab\u00a0Il n\u2019y a personne +derri\u00e8re+ moi, \u00e0 part moi\u00a0\u00bb, a-t-elle \u00e9crit sur Facebook en f\u00e9vrier. \u00ab\u00a0Et oui, j\u2019\u00e9cris mes propres discours. Mais comme je sais que ce que je dis atteindra beaucoup, beaucoup de gens, je demande souvent des avis\u00a0\u00bb.<\/p>\n<p>Son entourage donne \u00e0 l\u2019AFP plusieurs noms de scientifiques r\u00e9put\u00e9s qu\u2019elle consulte: Johan Rockstr\u00f6m, Stefan Rahmstorf, Kevin Anderson, Jean-Pascal van Ypersele, Glen Peters\u2026<\/p>\n<p>\u00ab\u00a0Je suis convaincu qu\u2019elle \u00e9crit ses textes elle-m\u00eame pour l\u2019essentiel, m\u00eame si elle les fait relire\u00a0\u00bb, confirme \u00e0 l\u2019AFP le climatologue belge Jean-Pascal van Ypersele, en contact r\u00e9gulier avec elle et son p\u00e8re. Par messages, il l\u2019a aid\u00e9e encore la semaine derni\u00e8re \u00e0 pr\u00e9ciser un point avant son intervention au Congr\u00e8s am\u00e9ricain.<\/p>\n<p>\u00ab\u00a0Si elle passait dix minutes avec le pr\u00e9sident Trump \u00e0 parler de physique et de chimie plan\u00e9taires, \u00e0 votre avis, qui dominerait?\u00a0\u00bb, demande Bill McKibben, admiratif.<\/p>\n<p>Evidemment, elle ne voyage pas toute seule. Son p\u00e8re, le com\u00e9dien devenu producteur Svante Thunberg, l\u2019accompagne, ainsi qu\u2019une amie de famille de longue date. Callum Grieve, de l\u2019association Every Breath Matters, \u00e9tait aussi pr\u00e9sent \u00e0 Washington.<\/p>\n<p>Elle ne g\u00e8re pas non plus seule le d\u00e9luge d\u2019invitations et de demandes d\u2019interviews. Les soci\u00e9t\u00e9s de communication sp\u00e9cialis\u00e9es sur le climat et les ONG Climate Nexus et GSCC g\u00e8rent la logistique des demandes de presse, pro bono. De multiples ONG sont en contact pour coordonner des \u00e9v\u00e9nements, comme 350.org, qui fait passer des invitations. \u00ab\u00a0Elle n\u2019a pas de grandes ONG derri\u00e8re elle, elle est sa propre personne\u00a0\u00bb, dit la porte-parole de 350.org Kim Bryan.<\/p>\n<p>Greenpeace Su\u00e8de l\u2019a un peu aid\u00e9e l\u2019hiver dernier avec de la nourriture et du soutien, dit Jennifer Morgan, mais \u00e0 part cela, Greenpeace n\u2019aide pas Greta Thunberg.<\/p>\n<p>\u00ab\u00a0Elle sait qu\u2019elle peut nous appeler, mais elle a vraiment sa propre personnalit\u00e9\u00a0\u00bb, dit-elle. \u00ab\u00a0C\u2019est du pur Greta\u00a0\u00bb.<\/p>\n<p>Auteur: AFP<br \/>\n<a href=\"https:\/\/www.journalducameroun.com\/le-comment-osez-vous-de-greta-thunberg-grand-moment-du-mouvement-climatique\/\">Cliquez ici pour lire l&rsquo;article depuis sa source.<\/a><\/p>\n","protected":false},"excerpt":{"rendered":"<p>Avec ses \u00ab\u00a0Comment osez-vous?\u00a0\u00bb imp\u00e9rieux adress\u00e9s aux dirigeants mondiaux \u00e0 l\u2019ONU lundi, la jeune Su\u00e9doise Greta Thunberg a confirm\u00e9 sa place de porte-parole de toute une g\u00e9n\u00e9ration sur le climat, fruit d\u2019un an de son propre acharnement, mart\u00e8lent ceux qui la connaissent. S\u2019il n\u2019a pas vraiment fait bouger les leaders qui se sont exprim\u00e9s apr\u00e8s [&hellip;]<\/p>\n","protected":false},"author":1965,"featured_media":0,"comment_status":"closed","ping_status":"closed","sticky":false,"template":"","format":"standard","meta":{"fifu_image_url":"","fifu_image_alt":"","footnotes":""},"categories":[73,82],"tags":[],"class_list":["post-62234","post","type-post","status-publish","format-standard","hentry","category-actualite","category-cameroun"],"_links":{"self":[{"href":"https:\/\/linitiative.ca\/International\/wp-json\/wp\/v2\/posts\/62234","targetHints":{"allow":["GET"]}}],"collection":[{"href":"https:\/\/linitiative.ca\/International\/wp-json\/wp\/v2\/posts"}],"about":[{"href":"https:\/\/linitiative.ca\/International\/wp-json\/wp\/v2\/types\/post"}],"author":[{"embeddable":true,"href":"https:\/\/linitiative.ca\/International\/wp-json\/wp\/v2\/users\/1965"}],"replies":[{"embeddable":true,"href":"https:\/\/linitiative.ca\/International\/wp-json\/wp\/v2\/comments?post=62234"}],"version-history":[{"count":0,"href":"https:\/\/linitiative.ca\/International\/wp-json\/wp\/v2\/posts\/62234\/revisions"}],"wp:attachment":[{"href":"https:\/\/linitiative.ca\/International\/wp-json\/wp\/v2\/media?parent=62234"}],"wp:term":[{"taxonomy":"category","embeddable":true,"href":"https:\/\/linitiative.ca\/International\/wp-json\/wp\/v2\/categories?post=62234"},{"taxonomy":"post_tag","embeddable":true,"href":"https:\/\/linitiative.ca\/International\/wp-json\/wp\/v2\/tags?post=62234"}],"curies":[{"name":"wp","href":"https:\/\/api.w.org\/{rel}","templated":true}]}}