{"id":62235,"date":"2019-09-24T16:50:04","date_gmt":"2019-09-24T20:50:04","guid":{"rendered":"https:\/\/linitiative.ca\/International\/au-moins-sept-morts-dans-lexplosion-dun-camion-citerne-a-bamako\/"},"modified":"2019-09-24T16:50:04","modified_gmt":"2019-09-24T20:50:04","slug":"au-moins-sept-morts-dans-lexplosion-dun-camion-citerne-a-bamako","status":"publish","type":"post","link":"https:\/\/linitiative.ca\/International\/au-moins-sept-morts-dans-lexplosion-dun-camion-citerne-a-bamako\/","title":{"rendered":"Au moins sept morts dans l\u2019explosion d\u2019un camion-citerne \u00e0 Bamako"},"content":{"rendered":"<div readability=\"32\">\n<p>Publi\u00e9 le 24.09.2019 \u00e0 21h50 par AFP<\/p>\n<\/div>\n<div readability=\"81\">\n<p>Au moins sept personnes ont \u00e9t\u00e9 tu\u00e9es et pr\u00e8s d\u2019une cinquantaine bless\u00e9es mardi dans l\u2019explosion accidentelle d\u2019un camion-citerne dans le centre de Bamako, selon un bilan du gouvernement malien qui risque de s\u2019alourdir vu l\u2019\u00e9tat de certains bless\u00e9s.<\/p>\n<p>\u00ab\u00a0Le bilan provisoire fait \u00e9tat de sept morts et 46 bless\u00e9s par suite de br\u00fblures\u00a0\u00bb, a indiqu\u00e9 dans un communiqu\u00e9 le ministre de la Communication et porte-parole du gouvernement, Yaya Sangar\u00e9.<\/p>\n<p>Un camion-citerne transportant 14.000 litres de carburant s\u2019est couch\u00e9 sur le flanc pour une raison inconnue en milieu d\u2019apr\u00e8s-midi \u00e0 proximit\u00e9 d\u2019une station-service et d\u2019un h\u00f4tel, sur une grande art\u00e8re de la commune de Badalabougou, dans le centre de Bamako, selon le gouvernement.<\/p>\n<p>Ensuite, \u00ab\u00a0les gens qui \u00e9taient l\u00e0 sont venus pour le soulever\u00a0\u00bb, a racont\u00e9 \u00e0 l\u2019AFP un t\u00e9moin, Moussa Zala, conseiller du chef du quartier o\u00f9 l\u2019accident s\u2019est produit.<\/p>\n<p>\u00ab\u00a0C\u2019est en le soulevant que l\u2019explosion a eu lieu. La flamme est sortie sur tous les gens qui \u00e9taient l\u00e0\u00a0\u00bb, a-t-il ajout\u00e9.<\/p>\n<p>Plusieurs correspondants de l\u2019AFP arriv\u00e9s sur place ont fait \u00e9tat de sc\u00e8nes de d\u00e9solation: \u00e9paisse fum\u00e9e noire s\u2019\u00e9levant du camion incendi\u00e9, que les pompiers aspergeaient d\u2019eau, corps calcin\u00e9s, motos, voitures et mini-cars ravag\u00e9s par les flammes, toits de t\u00f4le souffl\u00e9s et tordus par la chaleur.<\/p>\n<p>L\u2019AFP a constat\u00e9 la pr\u00e9sence de cinq corps carbonis\u00e9s.<\/p>\n<p>Quarante-deux bless\u00e9s ont \u00e9t\u00e9 \u00e9vacu\u00e9s \u00e0 l\u2019h\u00f4pital universitaire Gabriel Tour\u00e9 et quatre \u00e0 l\u2019H\u00f4pital du Mali \u00e0 Bamako, selon le gouvernement. Les personnes d\u00e9c\u00e9d\u00e9es ont \u00e9t\u00e9 transport\u00e9es au \u00ab\u00a0Centre de Sant\u00e9 de R\u00e9f\u00e9rence du Quartier-Mali\u00a0\u00bb, selon la m\u00eame source.<\/p>\n<p>Les op\u00e9rations de secours se sont poursuivies pendant plusieurs heures et le secteur du sinistre a \u00e9t\u00e9 \u00ab\u00a0s\u00e9curis\u00e9\u00a0\u00bb, selon le minist\u00e8re de la S\u00e9curit\u00e9.<\/p>\n<p>bur-ah-kt-siu\/JPC<\/p>\n<\/div>\n<p>Auteur: AFP<br \/>\n<a href=\"https:\/\/www.journalducameroun.com\/au-moins-sept-morts-dans-lexplosion-dun-camion-citerne-a-bamako\/\">Cliquez ici pour lire l&rsquo;article depuis sa source.<\/a><\/p>\n","protected":false},"excerpt":{"rendered":"<p>Publi\u00e9 le 24.09.2019 \u00e0 21h50 par AFP Au moins sept personnes ont \u00e9t\u00e9 tu\u00e9es et pr\u00e8s d\u2019une cinquantaine bless\u00e9es mardi dans l\u2019explosion accidentelle d\u2019un camion-citerne dans le centre de Bamako, selon un bilan du gouvernement malien qui risque de s\u2019alourdir vu l\u2019\u00e9tat de certains bless\u00e9s. \u00ab\u00a0Le bilan provisoire fait \u00e9tat de sept morts et 46 [&hellip;]<\/p>\n","protected":false},"author":1965,"featured_media":0,"comment_status":"closed","ping_status":"closed","sticky":false,"template":"","format":"standard","meta":{"fifu_image_url":"","fifu_image_alt":"","footnotes":""},"categories":[73,82],"tags":[],"class_list":["post-62235","post","type-post","status-publish","format-standard","hentry","category-actualite","category-cameroun"],"_links":{"self":[{"href":"https:\/\/linitiative.ca\/International\/wp-json\/wp\/v2\/posts\/62235","targetHints":{"allow":["GET"]}}],"collection":[{"href":"https:\/\/linitiative.ca\/International\/wp-json\/wp\/v2\/posts"}],"about":[{"href":"https:\/\/linitiative.ca\/International\/wp-json\/wp\/v2\/types\/post"}],"author":[{"embeddable":true,"href":"https:\/\/linitiative.ca\/International\/wp-json\/wp\/v2\/users\/1965"}],"replies":[{"embeddable":true,"href":"https:\/\/linitiative.ca\/International\/wp-json\/wp\/v2\/comments?post=62235"}],"version-history":[{"count":0,"href":"https:\/\/linitiative.ca\/International\/wp-json\/wp\/v2\/posts\/62235\/revisions"}],"wp:attachment":[{"href":"https:\/\/linitiative.ca\/International\/wp-json\/wp\/v2\/media?parent=62235"}],"wp:term":[{"taxonomy":"category","embeddable":true,"href":"https:\/\/linitiative.ca\/International\/wp-json\/wp\/v2\/categories?post=62235"},{"taxonomy":"post_tag","embeddable":true,"href":"https:\/\/linitiative.ca\/International\/wp-json\/wp\/v2\/tags?post=62235"}],"curies":[{"name":"wp","href":"https:\/\/api.w.org\/{rel}","templated":true}]}}