{"id":62236,"date":"2019-09-24T17:50:03","date_gmt":"2019-09-24T21:50:03","guid":{"rendered":"https:\/\/linitiative.ca\/International\/lexplosion-dun-camion-citerne-seme-la-desolation-a-bamako\/"},"modified":"2019-09-24T17:50:03","modified_gmt":"2019-09-24T21:50:03","slug":"lexplosion-dun-camion-citerne-seme-la-desolation-a-bamako","status":"publish","type":"post","link":"https:\/\/linitiative.ca\/International\/lexplosion-dun-camion-citerne-seme-la-desolation-a-bamako\/","title":{"rendered":"L\u2019explosion d\u2019un camion-citerne s\u00e8me la d\u00e9solation \u00e0 Bamako"},"content":{"rendered":"<div readability=\"32\">\n<p>Publi\u00e9 le 24.09.2019 \u00e0 22h50 par AFP<\/p>\n<\/div>\n<div readability=\"111\">\n<p>L\u2019explosion accidentelle d\u2019un camion-citerne bourr\u00e9 de carburant a sem\u00e9 la d\u00e9solation mardi en plein coeur de Bamako, faisant au moins sept morts et une cinquantaine de bless\u00e9s, un bilan qui risque encore de s\u2019alourdir.<\/p>\n<p>L\u2019accident s\u2019est produit en deux temps, selon les autorit\u00e9s maliennes et des t\u00e9moins interrog\u00e9s par l\u2019AFP.<\/p>\n<p>Tout d\u2019abord, le camion charg\u00e9 de 14.000 litres de carburant s\u2019est couch\u00e9 sur le flanc, pour une raison inconnue, \u00e0 proximit\u00e9 d\u2019une station-service et d\u2019un h\u00f4tel, sur une grande art\u00e8re de la commune de Badalabougou.<\/p>\n<p>Ensuite, les personnes pr\u00e9sentes, dont les passagers d\u2019un bus, \u00ab\u00a0sont venues aider \u00e0 redresser le camion-citerne, puisqu\u2019il y avait des gens (coinc\u00e9s) \u00e0 l\u2019int\u00e9rieur\u00a0\u00bb, a racont\u00e9 Hamadou B\u00e2, qui passait par l\u00e0 en ce milieu d\u2019apr\u00e8s-midi.<\/p>\n<p>\u00ab\u00a0C\u2019est apr\u00e8s cela qu\u2019il y a eu une forte d\u00e9tonation, qu\u2019il y a eu une explosion. Des gens ont \u00e9t\u00e9 br\u00fbl\u00e9s, il y a eu beaucoup de morts\u00a0\u00bb, a-t-il ajout\u00e9.<\/p>\n<p>\u00ab\u00a0C\u2019est en soulevant (le camion) que l\u2019explosion a eu lieu. La flamme est sortie sur tous les gens qui \u00e9taient l\u00e0\u00a0\u00bb, a confirm\u00e9 un autre t\u00e9moin, Moussa Zala, conseiller du chef du quartier o\u00f9 l\u2019accident s\u2019est produit.<\/p>\n<p>Selon plusieurs correspondants de l\u2019AFP arriv\u00e9s sur place, une \u00e9paisse fum\u00e9e noire s\u2019\u00e9levait du camion incendi\u00e9, que les pompiers aspergeaient d\u2019eau, tandis que des corps calcin\u00e9s \u00e9taient \u00e9vacu\u00e9s dans des b\u00e2ches. L\u2019AFP a constat\u00e9 la pr\u00e9sence de cinq corps carbonis\u00e9s.<\/p>\n<p>Des motos, voitures et mini-cars \u00e9taient ravag\u00e9s par les flammes, et les toits de t\u00f4le souffl\u00e9s et tordus par la chaleur.<\/p>\n<p>\u00ab\u00a0Le bilan provisoire fait \u00e9tat de sept morts et 46 bless\u00e9s par suite de br\u00fblures\u00a0\u00bb, a indiqu\u00e9 dans la soir\u00e9e, par communiqu\u00e9, le ministre de la Communication et porte-parole du gouvernement, Yaya Sangar\u00e9.<\/p>\n<p>Quarante-deux bless\u00e9s ont \u00e9t\u00e9 \u00e9vacu\u00e9s \u00e0 l\u2019h\u00f4pital universitaire Gabriel Tour\u00e9 et quatre \u00e0 l\u2019H\u00f4pital du Mali \u00e0 Bamako. Les personnes d\u00e9c\u00e9d\u00e9es ont \u00e9t\u00e9 transport\u00e9es au \u00ab\u00a0Centre de Sant\u00e9 de R\u00e9f\u00e9rence du Quartier-Mali\u00a0\u00bb, selon le ministre.<\/p>\n<p>Sur place, le ministre de la S\u00e9curit\u00e9 et de la Protection civile, Salif Traor\u00e9, constatait que les pompiers \u00ab\u00a0ont pu \u00e9teindre le feu\u00a0\u00bb. \u00ab\u00a0Mais le d\u00e9g\u00e2t \u00e9tait d\u00e9j\u00e0 fait\u00a0\u00bb, a-t-il ajout\u00e9.<\/p>\n<p>Les op\u00e9rations de secours se sont poursuivies pendant plusieurs heures et le secteur du sinistre a \u00e9t\u00e9 \u00ab\u00a0s\u00e9curis\u00e9\u00a0\u00bb, selon le minist\u00e8re de la S\u00e9curit\u00e9.<\/p>\n<p>Le gouvernement a annonc\u00e9 l\u2019ouverture d\u2019enqu\u00eates pour \u00ab\u00a0comprendre les circonstances exactes de l\u2019accident et situer les responsabilit\u00e9s\u00a0\u00bb.<\/p>\n<p>bur-ah-kt-siu\/cls<\/p>\n<\/div>\n<p>Auteur: AFP<br \/>\n<a href=\"https:\/\/www.journalducameroun.com\/lexplosion-dun-camion-citerne-seme-la-desolation-a-bamako\/\">Cliquez ici pour lire l&rsquo;article depuis sa source.<\/a><\/p>\n","protected":false},"excerpt":{"rendered":"<p>Publi\u00e9 le 24.09.2019 \u00e0 22h50 par AFP L\u2019explosion accidentelle d\u2019un camion-citerne bourr\u00e9 de carburant a sem\u00e9 la d\u00e9solation mardi en plein coeur de Bamako, faisant au moins sept morts et une cinquantaine de bless\u00e9s, un bilan qui risque encore de s\u2019alourdir. L\u2019accident s\u2019est produit en deux temps, selon les autorit\u00e9s maliennes et des t\u00e9moins interrog\u00e9s [&hellip;]<\/p>\n","protected":false},"author":1965,"featured_media":0,"comment_status":"closed","ping_status":"closed","sticky":false,"template":"","format":"standard","meta":{"fifu_image_url":"","fifu_image_alt":"","footnotes":""},"categories":[73,82],"tags":[],"class_list":["post-62236","post","type-post","status-publish","format-standard","hentry","category-actualite","category-cameroun"],"_links":{"self":[{"href":"https:\/\/linitiative.ca\/International\/wp-json\/wp\/v2\/posts\/62236","targetHints":{"allow":["GET"]}}],"collection":[{"href":"https:\/\/linitiative.ca\/International\/wp-json\/wp\/v2\/posts"}],"about":[{"href":"https:\/\/linitiative.ca\/International\/wp-json\/wp\/v2\/types\/post"}],"author":[{"embeddable":true,"href":"https:\/\/linitiative.ca\/International\/wp-json\/wp\/v2\/users\/1965"}],"replies":[{"embeddable":true,"href":"https:\/\/linitiative.ca\/International\/wp-json\/wp\/v2\/comments?post=62236"}],"version-history":[{"count":0,"href":"https:\/\/linitiative.ca\/International\/wp-json\/wp\/v2\/posts\/62236\/revisions"}],"wp:attachment":[{"href":"https:\/\/linitiative.ca\/International\/wp-json\/wp\/v2\/media?parent=62236"}],"wp:term":[{"taxonomy":"category","embeddable":true,"href":"https:\/\/linitiative.ca\/International\/wp-json\/wp\/v2\/categories?post=62236"},{"taxonomy":"post_tag","embeddable":true,"href":"https:\/\/linitiative.ca\/International\/wp-json\/wp\/v2\/tags?post=62236"}],"curies":[{"name":"wp","href":"https:\/\/api.w.org\/{rel}","templated":true}]}}